{"id":5058,"date":"2024-07-02T12:00:00","date_gmt":"2024-07-02T11:00:00","guid":{"rendered":"https:\/\/mediterraneanwear.com\/2024\/07\/02\/nova-postal-per-a-la-colleccio\/"},"modified":"2025-04-09T13:58:40","modified_gmt":"2025-04-09T12:58:40","slug":"nova-postal-per-a-la-colleccio","status":"publish","type":"post","link":"https:\/\/mediterraneanwear.com\/ca\/2024\/07\/02\/nova-postal-per-a-la-colleccio\/","title":{"rendered":"Nova postal per a la col\u00b7lecci\u00f3"},"content":{"rendered":"\n<figure class=\"wp-block-image size-large\"><img decoding=\"async\" width=\"1024\" height=\"719\" src=\"https:\/\/mediterraneanwear.com\/wp-content\/uploads\/2025\/01\/lg-b-mw_postals-1024x719.jpg\" alt=\"\" class=\"wp-image-1900\" srcset=\"https:\/\/mediterraneanwear.com\/wp-content\/uploads\/2025\/01\/lg-b-mw_postals-1024x719.jpg 1024w, https:\/\/mediterraneanwear.com\/wp-content\/uploads\/2025\/01\/lg-b-mw_postals-300x211.jpg 300w, https:\/\/mediterraneanwear.com\/wp-content\/uploads\/2025\/01\/lg-b-mw_postals-768x540.jpg 768w, https:\/\/mediterraneanwear.com\/wp-content\/uploads\/2025\/01\/lg-b-mw_postals-900x632.jpg 900w, https:\/\/mediterraneanwear.com\/wp-content\/uploads\/2025\/01\/lg-b-mw_postals.jpg 1200w\" sizes=\"(max-width: 1024px) 100vw, 1024px\" \/><\/figure>\n\n<p>Ja tenim aqu\u00ed les noves postals que acompanyaran les properes comandes. Sabem que li agraden molt. Per aix\u00f2 les anem canviant.  <\/p>\n\n<p>En aquesta ocasi\u00f3 hem fet un canvi m\u00e9s substancial passant a una imatge de Lloret de 1950ac. Lloret \u00e9s el nostre poble i el nostre parad\u00eds. I encara que normalment utilitzem imatges m\u00e9s actuals de la Costs Brava, en aquest cas hem volgut fer-ne un remember.  <\/p>\n\n<p>T&#8217;agrada? Ja la tenim a la botiga per adjuntar en els propers enviaments que ens sol\u00b7liciti! <\/p>\n","protected":false},"excerpt":{"rendered":"<p>Ja tenim aqu\u00ed les noves postals que acompanyaran les properes comandes. Sabem que li agraden molt. Per aix\u00f2 les anem canviant. En aquesta ocasi\u00f3 hem fet un canvi m\u00e9s substancial passant a una imatge de Lloret de 1950ac. Lloret \u00e9s el nostre poble i el nostre parad\u00eds. I encara que normalment utilitzem imatges m\u00e9s actuals [&hellip;]<\/p>\n","protected":false},"author":1,"featured_media":4786,"comment_status":"closed","ping_status":"closed","sticky":false,"template":"","format":"standard","meta":{"footnotes":""},"categories":[398],"tags":[],"class_list":["post-5058","post","type-post","status-publish","format-standard","has-post-thumbnail","hentry","category-bloc"],"blocksy_meta":[],"yoast_head":"<!-- This site is optimized with the Yoast SEO plugin v27.5 - https:\/\/yoast.com\/product\/yoast-seo-wordpress\/ -->\n<title>Nova postal per a la col\u00b7lecci\u00f3 - Mediterranean Wear<\/title>\n<meta name=\"robots\" content=\"index, follow, max-snippet:-1, max-image-preview:large, max-video-preview:-1\" \/>\n<link rel=\"canonical\" href=\"https:\/\/mediterraneanwear.com\/ca\/2024\/07\/02\/nova-postal-per-a-la-colleccio\/\" \/>\n<meta property=\"og:locale\" content=\"ca_ES\" \/>\n<meta property=\"og:type\" content=\"article\" \/>\n<meta property=\"og:title\" content=\"Nova postal per a la col\u00b7lecci\u00f3 - Mediterranean Wear\" \/>\n<meta property=\"og:description\" content=\"Ja tenim aqu\u00ed les noves postals que acompanyaran les properes comandes. Sabem que li agraden molt. Per aix\u00f2 les anem canviant. En aquesta ocasi\u00f3 hem fet un canvi m\u00e9s substancial passant a una imatge de Lloret de 1950ac. Lloret \u00e9s el nostre poble i el nostre parad\u00eds. I encara que normalment utilitzem imatges m\u00e9s actuals [&hellip;]\" \/>\n<meta property=\"og:url\" content=\"https:\/\/mediterraneanwear.com\/ca\/2024\/07\/02\/nova-postal-per-a-la-colleccio\/\" \/>\n<meta property=\"og:site_name\" content=\"Mediterranean Wear\" \/>\n<meta property=\"article:publisher\" content=\"https:\/\/www.facebook.com\/mediterraneanwear\/\" \/>\n<meta property=\"article:published_time\" content=\"2024-07-02T11:00:00+00:00\" \/>\n<meta property=\"article:modified_time\" content=\"2025-04-09T12:58:40+00:00\" \/>\n<meta property=\"og:image\" content=\"https:\/\/mediterraneanwear.com\/wp-content\/uploads\/2025\/01\/lg-b-mw_postals.jpg\" \/>\n\t<meta property=\"og:image:width\" content=\"1200\" \/>\n\t<meta property=\"og:image:height\" content=\"843\" \/>\n\t<meta property=\"og:image:type\" content=\"image\/jpeg\" \/>\n<meta name=\"author\" content=\"admin\" \/>\n<meta name=\"twitter:card\" content=\"summary_large_image\" \/>\n<meta name=\"twitter:label1\" content=\"Escrit per\" \/>\n\t<meta name=\"twitter:data1\" content=\"admin\" \/>\n<script type=\"application\/ld+json\" class=\"yoast-schema-graph\">{\"@context\":\"https:\\\/\\\/schema.org\",\"@graph\":[{\"@type\":\"Article\",\"@id\":\"https:\\\/\\\/mediterraneanwear.com\\\/ca\\\/2024\\\/07\\\/02\\\/nova-postal-per-a-la-colleccio\\\/#article\",\"isPartOf\":{\"@id\":\"https:\\\/\\\/mediterraneanwear.com\\\/ca\\\/2024\\\/07\\\/02\\\/nova-postal-per-a-la-colleccio\\\/\"},\"author\":{\"name\":\"admin\",\"@id\":\"https:\\\/\\\/mediterraneanwear.com\\\/ca\\\/#\\\/schema\\\/person\\\/2d988e31b8baa70bb16aa34563bd93f3\"},\"headline\":\"Nova postal per a la col\u00b7lecci\u00f3\",\"datePublished\":\"2024-07-02T11:00:00+00:00\",\"dateModified\":\"2025-04-09T12:58:40+00:00\",\"mainEntityOfPage\":{\"@id\":\"https:\\\/\\\/mediterraneanwear.com\\\/ca\\\/2024\\\/07\\\/02\\\/nova-postal-per-a-la-colleccio\\\/\"},\"wordCount\":95,\"publisher\":{\"@id\":\"https:\\\/\\\/mediterraneanwear.com\\\/ca\\\/#organization\"},\"image\":{\"@id\":\"https:\\\/\\\/mediterraneanwear.com\\\/ca\\\/2024\\\/07\\\/02\\\/nova-postal-per-a-la-colleccio\\\/#primaryimage\"},\"thumbnailUrl\":\"https:\\\/\\\/mediterraneanwear.com\\\/wp-content\\\/uploads\\\/2025\\\/01\\\/lg-b-mw_postals.jpg\",\"articleSection\":[\"bloc\"],\"inLanguage\":\"ca\"},{\"@type\":\"WebPage\",\"@id\":\"https:\\\/\\\/mediterraneanwear.com\\\/ca\\\/2024\\\/07\\\/02\\\/nova-postal-per-a-la-colleccio\\\/\",\"url\":\"https:\\\/\\\/mediterraneanwear.com\\\/ca\\\/2024\\\/07\\\/02\\\/nova-postal-per-a-la-colleccio\\\/\",\"name\":\"Nova postal per a la col\u00b7lecci\u00f3 - Mediterranean Wear\",\"isPartOf\":{\"@id\":\"https:\\\/\\\/mediterraneanwear.com\\\/ca\\\/#website\"},\"primaryImageOfPage\":{\"@id\":\"https:\\\/\\\/mediterraneanwear.com\\\/ca\\\/2024\\\/07\\\/02\\\/nova-postal-per-a-la-colleccio\\\/#primaryimage\"},\"image\":{\"@id\":\"https:\\\/\\\/mediterraneanwear.com\\\/ca\\\/2024\\\/07\\\/02\\\/nova-postal-per-a-la-colleccio\\\/#primaryimage\"},\"thumbnailUrl\":\"https:\\\/\\\/mediterraneanwear.com\\\/wp-content\\\/uploads\\\/2025\\\/01\\\/lg-b-mw_postals.jpg\",\"datePublished\":\"2024-07-02T11:00:00+00:00\",\"dateModified\":\"2025-04-09T12:58:40+00:00\",\"breadcrumb\":{\"@id\":\"https:\\\/\\\/mediterraneanwear.com\\\/ca\\\/2024\\\/07\\\/02\\\/nova-postal-per-a-la-colleccio\\\/#breadcrumb\"},\"inLanguage\":\"ca\",\"potentialAction\":[{\"@type\":\"ReadAction\",\"target\":[\"https:\\\/\\\/mediterraneanwear.com\\\/ca\\\/2024\\\/07\\\/02\\\/nova-postal-per-a-la-colleccio\\\/\"]}]},{\"@type\":\"ImageObject\",\"inLanguage\":\"ca\",\"@id\":\"https:\\\/\\\/mediterraneanwear.com\\\/ca\\\/2024\\\/07\\\/02\\\/nova-postal-per-a-la-colleccio\\\/#primaryimage\",\"url\":\"https:\\\/\\\/mediterraneanwear.com\\\/wp-content\\\/uploads\\\/2025\\\/01\\\/lg-b-mw_postals.jpg\",\"contentUrl\":\"https:\\\/\\\/mediterraneanwear.com\\\/wp-content\\\/uploads\\\/2025\\\/01\\\/lg-b-mw_postals.jpg\",\"width\":1200,\"height\":843},{\"@type\":\"BreadcrumbList\",\"@id\":\"https:\\\/\\\/mediterraneanwear.com\\\/ca\\\/2024\\\/07\\\/02\\\/nova-postal-per-a-la-colleccio\\\/#breadcrumb\",\"itemListElement\":[{\"@type\":\"ListItem\",\"position\":1,\"name\":\"Portada\",\"item\":\"https:\\\/\\\/mediterraneanwear.com\\\/ca\\\/\"},{\"@type\":\"ListItem\",\"position\":2,\"name\":\"Nova postal per a la col\u00b7lecci\u00f3\"}]},{\"@type\":\"WebSite\",\"@id\":\"https:\\\/\\\/mediterraneanwear.com\\\/ca\\\/#website\",\"url\":\"https:\\\/\\\/mediterraneanwear.com\\\/ca\\\/\",\"name\":\"Mediterranean Wear\",\"description\":\"Mediterranean Wear\",\"publisher\":{\"@id\":\"https:\\\/\\\/mediterraneanwear.com\\\/ca\\\/#organization\"},\"potentialAction\":[{\"@type\":\"SearchAction\",\"target\":{\"@type\":\"EntryPoint\",\"urlTemplate\":\"https:\\\/\\\/mediterraneanwear.com\\\/ca\\\/?s={search_term_string}\"},\"query-input\":{\"@type\":\"PropertyValueSpecification\",\"valueRequired\":true,\"valueName\":\"search_term_string\"}}],\"inLanguage\":\"ca\"},{\"@type\":\"Organization\",\"@id\":\"https:\\\/\\\/mediterraneanwear.com\\\/ca\\\/#organization\",\"name\":\"Mediterranean Wear\",\"url\":\"https:\\\/\\\/mediterraneanwear.com\\\/ca\\\/\",\"logo\":{\"@type\":\"ImageObject\",\"inLanguage\":\"ca\",\"@id\":\"https:\\\/\\\/mediterraneanwear.com\\\/ca\\\/#\\\/schema\\\/logo\\\/image\\\/\",\"url\":\"https:\\\/\\\/mediterraneanwear.com\\\/wp-content\\\/uploads\\\/2025\\\/05\\\/LOGO-MediterraneanWear_2.png\",\"contentUrl\":\"https:\\\/\\\/mediterraneanwear.com\\\/wp-content\\\/uploads\\\/2025\\\/05\\\/LOGO-MediterraneanWear_2.png\",\"width\":566,\"height\":81,\"caption\":\"Mediterranean Wear\"},\"image\":{\"@id\":\"https:\\\/\\\/mediterraneanwear.com\\\/ca\\\/#\\\/schema\\\/logo\\\/image\\\/\"},\"sameAs\":[\"https:\\\/\\\/www.facebook.com\\\/mediterraneanwear\\\/\",\"https:\\\/\\\/www.instagram.com\\\/mediterraneanwear\\\/\"]},{\"@type\":\"Person\",\"@id\":\"https:\\\/\\\/mediterraneanwear.com\\\/ca\\\/#\\\/schema\\\/person\\\/2d988e31b8baa70bb16aa34563bd93f3\",\"name\":\"admin\",\"image\":{\"@type\":\"ImageObject\",\"inLanguage\":\"ca\",\"@id\":\"https:\\\/\\\/mediterraneanwear.com\\\/wp-content\\\/litespeed\\\/avatar\\\/816610b7aa3b64415d6ea463cabdeff8.jpg?ver=1777289956\",\"url\":\"https:\\\/\\\/mediterraneanwear.com\\\/wp-content\\\/litespeed\\\/avatar\\\/816610b7aa3b64415d6ea463cabdeff8.jpg?ver=1777289956\",\"contentUrl\":\"https:\\\/\\\/mediterraneanwear.com\\\/wp-content\\\/litespeed\\\/avatar\\\/816610b7aa3b64415d6ea463cabdeff8.jpg?ver=1777289956\",\"caption\":\"admin\"},\"sameAs\":[\"https:\\\/\\\/mediterraneanwear.com\"],\"url\":\"https:\\\/\\\/mediterraneanwear.com\\\/ca\\\/author\\\/admin\\\/\"}]}<\/script>\n<!-- \/ Yoast SEO plugin. -->","yoast_head_json":{"title":"Nova postal per a la col\u00b7lecci\u00f3 - Mediterranean Wear","robots":{"index":"index","follow":"follow","max-snippet":"max-snippet:-1","max-image-preview":"max-image-preview:large","max-video-preview":"max-video-preview:-1"},"canonical":"https:\/\/mediterraneanwear.com\/ca\/2024\/07\/02\/nova-postal-per-a-la-colleccio\/","og_locale":"ca_ES","og_type":"article","og_title":"Nova postal per a la col\u00b7lecci\u00f3 - Mediterranean Wear","og_description":"Ja tenim aqu\u00ed les noves postals que acompanyaran les properes comandes. Sabem que li agraden molt. Per aix\u00f2 les anem canviant. En aquesta ocasi\u00f3 hem fet un canvi m\u00e9s substancial passant a una imatge de Lloret de 1950ac. Lloret \u00e9s el nostre poble i el nostre parad\u00eds. I encara que normalment utilitzem imatges m\u00e9s actuals [&hellip;]","og_url":"https:\/\/mediterraneanwear.com\/ca\/2024\/07\/02\/nova-postal-per-a-la-colleccio\/","og_site_name":"Mediterranean Wear","article_publisher":"https:\/\/www.facebook.com\/mediterraneanwear\/","article_published_time":"2024-07-02T11:00:00+00:00","article_modified_time":"2025-04-09T12:58:40+00:00","og_image":[{"width":1200,"height":843,"url":"https:\/\/mediterraneanwear.com\/wp-content\/uploads\/2025\/01\/lg-b-mw_postals.jpg","type":"image\/jpeg"}],"author":"admin","twitter_card":"summary_large_image","twitter_misc":{"Escrit per":"admin"},"schema":{"@context":"https:\/\/schema.org","@graph":[{"@type":"Article","@id":"https:\/\/mediterraneanwear.com\/ca\/2024\/07\/02\/nova-postal-per-a-la-colleccio\/#article","isPartOf":{"@id":"https:\/\/mediterraneanwear.com\/ca\/2024\/07\/02\/nova-postal-per-a-la-colleccio\/"},"author":{"name":"admin","@id":"https:\/\/mediterraneanwear.com\/ca\/#\/schema\/person\/2d988e31b8baa70bb16aa34563bd93f3"},"headline":"Nova postal per a la col\u00b7lecci\u00f3","datePublished":"2024-07-02T11:00:00+00:00","dateModified":"2025-04-09T12:58:40+00:00","mainEntityOfPage":{"@id":"https:\/\/mediterraneanwear.com\/ca\/2024\/07\/02\/nova-postal-per-a-la-colleccio\/"},"wordCount":95,"publisher":{"@id":"https:\/\/mediterraneanwear.com\/ca\/#organization"},"image":{"@id":"https:\/\/mediterraneanwear.com\/ca\/2024\/07\/02\/nova-postal-per-a-la-colleccio\/#primaryimage"},"thumbnailUrl":"https:\/\/mediterraneanwear.com\/wp-content\/uploads\/2025\/01\/lg-b-mw_postals.jpg","articleSection":["bloc"],"inLanguage":"ca"},{"@type":"WebPage","@id":"https:\/\/mediterraneanwear.com\/ca\/2024\/07\/02\/nova-postal-per-a-la-colleccio\/","url":"https:\/\/mediterraneanwear.com\/ca\/2024\/07\/02\/nova-postal-per-a-la-colleccio\/","name":"Nova postal per a la col\u00b7lecci\u00f3 - Mediterranean Wear","isPartOf":{"@id":"https:\/\/mediterraneanwear.com\/ca\/#website"},"primaryImageOfPage":{"@id":"https:\/\/mediterraneanwear.com\/ca\/2024\/07\/02\/nova-postal-per-a-la-colleccio\/#primaryimage"},"image":{"@id":"https:\/\/mediterraneanwear.com\/ca\/2024\/07\/02\/nova-postal-per-a-la-colleccio\/#primaryimage"},"thumbnailUrl":"https:\/\/mediterraneanwear.com\/wp-content\/uploads\/2025\/01\/lg-b-mw_postals.jpg","datePublished":"2024-07-02T11:00:00+00:00","dateModified":"2025-04-09T12:58:40+00:00","breadcrumb":{"@id":"https:\/\/mediterraneanwear.com\/ca\/2024\/07\/02\/nova-postal-per-a-la-colleccio\/#breadcrumb"},"inLanguage":"ca","potentialAction":[{"@type":"ReadAction","target":["https:\/\/mediterraneanwear.com\/ca\/2024\/07\/02\/nova-postal-per-a-la-colleccio\/"]}]},{"@type":"ImageObject","inLanguage":"ca","@id":"https:\/\/mediterraneanwear.com\/ca\/2024\/07\/02\/nova-postal-per-a-la-colleccio\/#primaryimage","url":"https:\/\/mediterraneanwear.com\/wp-content\/uploads\/2025\/01\/lg-b-mw_postals.jpg","contentUrl":"https:\/\/mediterraneanwear.com\/wp-content\/uploads\/2025\/01\/lg-b-mw_postals.jpg","width":1200,"height":843},{"@type":"BreadcrumbList","@id":"https:\/\/mediterraneanwear.com\/ca\/2024\/07\/02\/nova-postal-per-a-la-colleccio\/#breadcrumb","itemListElement":[{"@type":"ListItem","position":1,"name":"Portada","item":"https:\/\/mediterraneanwear.com\/ca\/"},{"@type":"ListItem","position":2,"name":"Nova postal per a la col\u00b7lecci\u00f3"}]},{"@type":"WebSite","@id":"https:\/\/mediterraneanwear.com\/ca\/#website","url":"https:\/\/mediterraneanwear.com\/ca\/","name":"Mediterranean Wear","description":"Mediterranean Wear","publisher":{"@id":"https:\/\/mediterraneanwear.com\/ca\/#organization"},"potentialAction":[{"@type":"SearchAction","target":{"@type":"EntryPoint","urlTemplate":"https:\/\/mediterraneanwear.com\/ca\/?s={search_term_string}"},"query-input":{"@type":"PropertyValueSpecification","valueRequired":true,"valueName":"search_term_string"}}],"inLanguage":"ca"},{"@type":"Organization","@id":"https:\/\/mediterraneanwear.com\/ca\/#organization","name":"Mediterranean Wear","url":"https:\/\/mediterraneanwear.com\/ca\/","logo":{"@type":"ImageObject","inLanguage":"ca","@id":"https:\/\/mediterraneanwear.com\/ca\/#\/schema\/logo\/image\/","url":"https:\/\/mediterraneanwear.com\/wp-content\/uploads\/2025\/05\/LOGO-MediterraneanWear_2.png","contentUrl":"https:\/\/mediterraneanwear.com\/wp-content\/uploads\/2025\/05\/LOGO-MediterraneanWear_2.png","width":566,"height":81,"caption":"Mediterranean Wear"},"image":{"@id":"https:\/\/mediterraneanwear.com\/ca\/#\/schema\/logo\/image\/"},"sameAs":["https:\/\/www.facebook.com\/mediterraneanwear\/","https:\/\/www.instagram.com\/mediterraneanwear\/"]},{"@type":"Person","@id":"https:\/\/mediterraneanwear.com\/ca\/#\/schema\/person\/2d988e31b8baa70bb16aa34563bd93f3","name":"admin","image":{"@type":"ImageObject","inLanguage":"ca","@id":"https:\/\/mediterraneanwear.com\/wp-content\/litespeed\/avatar\/816610b7aa3b64415d6ea463cabdeff8.jpg?ver=1777289956","url":"https:\/\/mediterraneanwear.com\/wp-content\/litespeed\/avatar\/816610b7aa3b64415d6ea463cabdeff8.jpg?ver=1777289956","contentUrl":"https:\/\/mediterraneanwear.com\/wp-content\/litespeed\/avatar\/816610b7aa3b64415d6ea463cabdeff8.jpg?ver=1777289956","caption":"admin"},"sameAs":["https:\/\/mediterraneanwear.com"],"url":"https:\/\/mediterraneanwear.com\/ca\/author\/admin\/"}]}},"_links":{"self":[{"href":"https:\/\/mediterraneanwear.com\/ca\/wp-json\/wp\/v2\/posts\/5058","targetHints":{"allow":["GET"]}}],"collection":[{"href":"https:\/\/mediterraneanwear.com\/ca\/wp-json\/wp\/v2\/posts"}],"about":[{"href":"https:\/\/mediterraneanwear.com\/ca\/wp-json\/wp\/v2\/types\/post"}],"author":[{"embeddable":true,"href":"https:\/\/mediterraneanwear.com\/ca\/wp-json\/wp\/v2\/users\/1"}],"replies":[{"embeddable":true,"href":"https:\/\/mediterraneanwear.com\/ca\/wp-json\/wp\/v2\/comments?post=5058"}],"version-history":[{"count":0,"href":"https:\/\/mediterraneanwear.com\/ca\/wp-json\/wp\/v2\/posts\/5058\/revisions"}],"wp:featuredmedia":[{"embeddable":true,"href":"https:\/\/mediterraneanwear.com\/ca\/wp-json\/wp\/v2\/media\/4786"}],"wp:attachment":[{"href":"https:\/\/mediterraneanwear.com\/ca\/wp-json\/wp\/v2\/media?parent=5058"}],"wp:term":[{"taxonomy":"category","embeddable":true,"href":"https:\/\/mediterraneanwear.com\/ca\/wp-json\/wp\/v2\/categories?post=5058"},{"taxonomy":"post_tag","embeddable":true,"href":"https:\/\/mediterraneanwear.com\/ca\/wp-json\/wp\/v2\/tags?post=5058"}],"curies":[{"name":"wp","href":"https:\/\/api.w.org\/{rel}","templated":true}]}}