{"id":5067,"date":"2023-04-22T13:43:00","date_gmt":"2023-04-22T12:43:00","guid":{"rendered":"https:\/\/mediterraneanwear.com\/2023\/04\/22\/mediterranean-wear-estrena-una-camiseta-dedicada-a-lloret-de-mar-i-als-seus-artistes-locals\/"},"modified":"2025-04-08T11:41:53","modified_gmt":"2025-04-08T10:41:53","slug":"mediterranean-wear-estrena-una-camiseta-dedicada-a-lloret-de-mar-i-als-seus-artistes-locals","status":"publish","type":"post","link":"https:\/\/mediterraneanwear.com\/ca\/2023\/04\/22\/mediterranean-wear-estrena-una-camiseta-dedicada-a-lloret-de-mar-i-als-seus-artistes-locals\/","title":{"rendered":"Mediterranean Wear estrena una camiseta dedicada a Lloret de Mar i als seus artistes locals"},"content":{"rendered":"\n<figure class=\"wp-block-image size-large\"><img decoding=\"async\" width=\"1024\" height=\"719\" src=\"https:\/\/mediterraneanwear.com\/wp-content\/uploads\/2025\/01\/lg-b-blogmw_santroma-1-1024x719.jpg\" alt=\"\" class=\"wp-image-1921\" srcset=\"https:\/\/mediterraneanwear.com\/wp-content\/uploads\/2025\/01\/lg-b-blogmw_santroma-1-1024x719.jpg 1024w, https:\/\/mediterraneanwear.com\/wp-content\/uploads\/2025\/01\/lg-b-blogmw_santroma-1-300x211.jpg 300w, https:\/\/mediterraneanwear.com\/wp-content\/uploads\/2025\/01\/lg-b-blogmw_santroma-1-768x540.jpg 768w, https:\/\/mediterraneanwear.com\/wp-content\/uploads\/2025\/01\/lg-b-blogmw_santroma-1-900x632.jpg 900w, https:\/\/mediterraneanwear.com\/wp-content\/uploads\/2025\/01\/lg-b-blogmw_santroma-1.jpg 1200w\" sizes=\"(max-width: 1024px) 100vw, 1024px\" \/><\/figure>\n\n<p>\u00b7 Es tracta d&#8217;una edici\u00f3 limitada a 99 unitats que vindran fins que hi hagi exist\u00e8ncies<\/p>\n\n<p>\u00b7 L\u00b4estampat \u00e9s de l\u00b4artista local Juan Velasco de l\u00b4associaci\u00f3 de dibuixants de Lloret de Mar<\/p>\n\n<p>La marca de roba lloretenca Mediterranean Wear (www.mediterraneanwear.com) creada per la coneguda botiga d&#8217;Esther Clemente, vol mostrar els atractius de Lloret de Mar a tot el m\u00f3n en forma de samarretes amb elements destacats de la poblaci\u00f3.<\/p>\n\n<p>Despr\u00e9s de molts anys dedicats al comer\u00e7 local, Esther Clemente i Pere Sur\u00eds van decidir crear la marca Mediterranean Wear per vendre per internet aix\u00ed com fires de tota la Costa Brava.<\/p>\n\n<p>Aquesta marca des del primer moment ha destacat per treballar amb productes naturals i propers per ser el m\u00e0xim de respectuosos possibles amb el medi ambient. En els darrers mesos aquesta marca ha col\u00b7laborat amb l&#8217;associaci\u00f3 de dibuixants de Lloret de Mar i d&#8217;aquesta proximitat ha nascut la idea de dissenyar samarretes a partir d&#8217;alguns dibuixos fets per lloretencs sobre elements destacats de la poblaci\u00f3. <\/p>\n\n<p>L&#8217;encarregat de fer les samarretes \u00e9s el prove\u00efdor Sargantana, una marca de moda al conjunt de Catalunya entre la gent m\u00e9s jove i que a Lloret de Mar es pot trobar a la botiga d&#8217;Esther Clemente (C\/ Narcis Fors, 9).<\/p>\n\n<p>Aquesta iniciativa que t\u00e9 la doble intenci\u00f3 de visibilitzar el millor de la nostra vila i recolzar i donar a con\u00e8ixer artistes locals pret\u00e9n tenir continu\u00eftat any rere any.<\/p>\n\n<p>Des d&#8217;avui ja podeu trobar la samarreta a:<\/p>\n\n<p>C\/ Narcis Fors, 9 17310 Lloret de Mar<\/p>\n\n<p>www.mediterraneanwear.com<\/p>\n","protected":false},"excerpt":{"rendered":"<p>\u00b7 Es tracta d&#8217;una edici\u00f3 limitada a 99 unitats que vindran fins que hi hagi exist\u00e8ncies \u00b7 L\u00b4estampat \u00e9s de l\u00b4artista local Juan Velasco de l\u00b4associaci\u00f3 de dibuixants de Lloret de Mar La marca de roba lloretenca Mediterranean Wear (www.mediterraneanwear.com) creada per la coneguda botiga d&#8217;Esther Clemente, vol mostrar els atractius de Lloret de Mar [&hellip;]<\/p>\n","protected":false},"author":1,"featured_media":4801,"comment_status":"closed","ping_status":"closed","sticky":false,"template":"","format":"standard","meta":{"footnotes":""},"categories":[398],"tags":[],"class_list":["post-5067","post","type-post","status-publish","format-standard","has-post-thumbnail","hentry","category-bloc"],"blocksy_meta":[],"yoast_head":"<!-- This site is optimized with the Yoast SEO plugin v27.5 - https:\/\/yoast.com\/product\/yoast-seo-wordpress\/ -->\n<title>Mediterranean Wear estrena una camiseta dedicada a Lloret de Mar i als seus artistes locals - Mediterranean Wear<\/title>\n<meta name=\"robots\" content=\"index, follow, max-snippet:-1, max-image-preview:large, max-video-preview:-1\" \/>\n<link rel=\"canonical\" href=\"https:\/\/mediterraneanwear.com\/ca\/2023\/04\/22\/mediterranean-wear-estrena-una-camiseta-dedicada-a-lloret-de-mar-i-als-seus-artistes-locals\/\" \/>\n<meta property=\"og:locale\" content=\"ca_ES\" \/>\n<meta property=\"og:type\" content=\"article\" \/>\n<meta property=\"og:title\" content=\"Mediterranean Wear estrena una camiseta dedicada a Lloret de Mar i als seus artistes locals - Mediterranean Wear\" \/>\n<meta property=\"og:description\" content=\"\u00b7 Es tracta d&#8217;una edici\u00f3 limitada a 99 unitats que vindran fins que hi hagi exist\u00e8ncies \u00b7 L\u00b4estampat \u00e9s de l\u00b4artista local Juan Velasco de l\u00b4associaci\u00f3 de dibuixants de Lloret de Mar La marca de roba lloretenca Mediterranean Wear (www.mediterraneanwear.com) creada per la coneguda botiga d&#8217;Esther Clemente, vol mostrar els atractius de Lloret de Mar [&hellip;]\" \/>\n<meta property=\"og:url\" content=\"https:\/\/mediterraneanwear.com\/ca\/2023\/04\/22\/mediterranean-wear-estrena-una-camiseta-dedicada-a-lloret-de-mar-i-als-seus-artistes-locals\/\" \/>\n<meta property=\"og:site_name\" content=\"Mediterranean Wear\" \/>\n<meta property=\"article:publisher\" content=\"https:\/\/www.facebook.com\/mediterraneanwear\/\" \/>\n<meta property=\"article:published_time\" content=\"2023-04-22T12:43:00+00:00\" \/>\n<meta property=\"article:modified_time\" content=\"2025-04-08T10:41:53+00:00\" \/>\n<meta property=\"og:image\" content=\"https:\/\/mediterraneanwear.com\/wp-content\/uploads\/2025\/01\/lg-b-blogmw_santroma.jpg\" \/>\n\t<meta property=\"og:image:width\" content=\"1200\" \/>\n\t<meta property=\"og:image:height\" content=\"843\" \/>\n\t<meta property=\"og:image:type\" content=\"image\/jpeg\" \/>\n<meta name=\"author\" content=\"admin\" \/>\n<meta name=\"twitter:card\" content=\"summary_large_image\" \/>\n<meta name=\"twitter:label1\" content=\"Escrit per\" \/>\n\t<meta name=\"twitter:data1\" content=\"admin\" \/>\n\t<meta name=\"twitter:label2\" content=\"Temps estimat de lectura\" \/>\n\t<meta name=\"twitter:data2\" content=\"1 minut\" \/>\n<script type=\"application\/ld+json\" class=\"yoast-schema-graph\">{\"@context\":\"https:\\\/\\\/schema.org\",\"@graph\":[{\"@type\":\"Article\",\"@id\":\"https:\\\/\\\/mediterraneanwear.com\\\/ca\\\/2023\\\/04\\\/22\\\/mediterranean-wear-estrena-una-camiseta-dedicada-a-lloret-de-mar-i-als-seus-artistes-locals\\\/#article\",\"isPartOf\":{\"@id\":\"https:\\\/\\\/mediterraneanwear.com\\\/ca\\\/2023\\\/04\\\/22\\\/mediterranean-wear-estrena-una-camiseta-dedicada-a-lloret-de-mar-i-als-seus-artistes-locals\\\/\"},\"author\":{\"name\":\"admin\",\"@id\":\"https:\\\/\\\/mediterraneanwear.com\\\/ca\\\/#\\\/schema\\\/person\\\/2d988e31b8baa70bb16aa34563bd93f3\"},\"headline\":\"Mediterranean Wear estrena una camiseta dedicada a Lloret de Mar i als seus artistes locals\",\"datePublished\":\"2023-04-22T12:43:00+00:00\",\"dateModified\":\"2025-04-08T10:41:53+00:00\",\"mainEntityOfPage\":{\"@id\":\"https:\\\/\\\/mediterraneanwear.com\\\/ca\\\/2023\\\/04\\\/22\\\/mediterranean-wear-estrena-una-camiseta-dedicada-a-lloret-de-mar-i-als-seus-artistes-locals\\\/\"},\"wordCount\":287,\"publisher\":{\"@id\":\"https:\\\/\\\/mediterraneanwear.com\\\/ca\\\/#organization\"},\"image\":{\"@id\":\"https:\\\/\\\/mediterraneanwear.com\\\/ca\\\/2023\\\/04\\\/22\\\/mediterranean-wear-estrena-una-camiseta-dedicada-a-lloret-de-mar-i-als-seus-artistes-locals\\\/#primaryimage\"},\"thumbnailUrl\":\"https:\\\/\\\/mediterraneanwear.com\\\/wp-content\\\/uploads\\\/2025\\\/01\\\/lg-b-blogmw_santroma.jpg\",\"articleSection\":[\"bloc\"],\"inLanguage\":\"ca\"},{\"@type\":\"WebPage\",\"@id\":\"https:\\\/\\\/mediterraneanwear.com\\\/ca\\\/2023\\\/04\\\/22\\\/mediterranean-wear-estrena-una-camiseta-dedicada-a-lloret-de-mar-i-als-seus-artistes-locals\\\/\",\"url\":\"https:\\\/\\\/mediterraneanwear.com\\\/ca\\\/2023\\\/04\\\/22\\\/mediterranean-wear-estrena-una-camiseta-dedicada-a-lloret-de-mar-i-als-seus-artistes-locals\\\/\",\"name\":\"Mediterranean Wear estrena una camiseta dedicada a Lloret de Mar i als seus artistes locals - Mediterranean Wear\",\"isPartOf\":{\"@id\":\"https:\\\/\\\/mediterraneanwear.com\\\/ca\\\/#website\"},\"primaryImageOfPage\":{\"@id\":\"https:\\\/\\\/mediterraneanwear.com\\\/ca\\\/2023\\\/04\\\/22\\\/mediterranean-wear-estrena-una-camiseta-dedicada-a-lloret-de-mar-i-als-seus-artistes-locals\\\/#primaryimage\"},\"image\":{\"@id\":\"https:\\\/\\\/mediterraneanwear.com\\\/ca\\\/2023\\\/04\\\/22\\\/mediterranean-wear-estrena-una-camiseta-dedicada-a-lloret-de-mar-i-als-seus-artistes-locals\\\/#primaryimage\"},\"thumbnailUrl\":\"https:\\\/\\\/mediterraneanwear.com\\\/wp-content\\\/uploads\\\/2025\\\/01\\\/lg-b-blogmw_santroma.jpg\",\"datePublished\":\"2023-04-22T12:43:00+00:00\",\"dateModified\":\"2025-04-08T10:41:53+00:00\",\"breadcrumb\":{\"@id\":\"https:\\\/\\\/mediterraneanwear.com\\\/ca\\\/2023\\\/04\\\/22\\\/mediterranean-wear-estrena-una-camiseta-dedicada-a-lloret-de-mar-i-als-seus-artistes-locals\\\/#breadcrumb\"},\"inLanguage\":\"ca\",\"potentialAction\":[{\"@type\":\"ReadAction\",\"target\":[\"https:\\\/\\\/mediterraneanwear.com\\\/ca\\\/2023\\\/04\\\/22\\\/mediterranean-wear-estrena-una-camiseta-dedicada-a-lloret-de-mar-i-als-seus-artistes-locals\\\/\"]}]},{\"@type\":\"ImageObject\",\"inLanguage\":\"ca\",\"@id\":\"https:\\\/\\\/mediterraneanwear.com\\\/ca\\\/2023\\\/04\\\/22\\\/mediterranean-wear-estrena-una-camiseta-dedicada-a-lloret-de-mar-i-als-seus-artistes-locals\\\/#primaryimage\",\"url\":\"https:\\\/\\\/mediterraneanwear.com\\\/wp-content\\\/uploads\\\/2025\\\/01\\\/lg-b-blogmw_santroma.jpg\",\"contentUrl\":\"https:\\\/\\\/mediterraneanwear.com\\\/wp-content\\\/uploads\\\/2025\\\/01\\\/lg-b-blogmw_santroma.jpg\",\"width\":1200,\"height\":843},{\"@type\":\"BreadcrumbList\",\"@id\":\"https:\\\/\\\/mediterraneanwear.com\\\/ca\\\/2023\\\/04\\\/22\\\/mediterranean-wear-estrena-una-camiseta-dedicada-a-lloret-de-mar-i-als-seus-artistes-locals\\\/#breadcrumb\",\"itemListElement\":[{\"@type\":\"ListItem\",\"position\":1,\"name\":\"Portada\",\"item\":\"https:\\\/\\\/mediterraneanwear.com\\\/ca\\\/\"},{\"@type\":\"ListItem\",\"position\":2,\"name\":\"Mediterranean Wear estrena una camiseta dedicada a Lloret de Mar i als seus artistes locals\"}]},{\"@type\":\"WebSite\",\"@id\":\"https:\\\/\\\/mediterraneanwear.com\\\/ca\\\/#website\",\"url\":\"https:\\\/\\\/mediterraneanwear.com\\\/ca\\\/\",\"name\":\"Mediterranean Wear\",\"description\":\"Mediterranean Wear\",\"publisher\":{\"@id\":\"https:\\\/\\\/mediterraneanwear.com\\\/ca\\\/#organization\"},\"potentialAction\":[{\"@type\":\"SearchAction\",\"target\":{\"@type\":\"EntryPoint\",\"urlTemplate\":\"https:\\\/\\\/mediterraneanwear.com\\\/ca\\\/?s={search_term_string}\"},\"query-input\":{\"@type\":\"PropertyValueSpecification\",\"valueRequired\":true,\"valueName\":\"search_term_string\"}}],\"inLanguage\":\"ca\"},{\"@type\":\"Organization\",\"@id\":\"https:\\\/\\\/mediterraneanwear.com\\\/ca\\\/#organization\",\"name\":\"Mediterranean Wear\",\"url\":\"https:\\\/\\\/mediterraneanwear.com\\\/ca\\\/\",\"logo\":{\"@type\":\"ImageObject\",\"inLanguage\":\"ca\",\"@id\":\"https:\\\/\\\/mediterraneanwear.com\\\/ca\\\/#\\\/schema\\\/logo\\\/image\\\/\",\"url\":\"https:\\\/\\\/mediterraneanwear.com\\\/wp-content\\\/uploads\\\/2025\\\/05\\\/LOGO-MediterraneanWear_2.png\",\"contentUrl\":\"https:\\\/\\\/mediterraneanwear.com\\\/wp-content\\\/uploads\\\/2025\\\/05\\\/LOGO-MediterraneanWear_2.png\",\"width\":566,\"height\":81,\"caption\":\"Mediterranean Wear\"},\"image\":{\"@id\":\"https:\\\/\\\/mediterraneanwear.com\\\/ca\\\/#\\\/schema\\\/logo\\\/image\\\/\"},\"sameAs\":[\"https:\\\/\\\/www.facebook.com\\\/mediterraneanwear\\\/\",\"https:\\\/\\\/www.instagram.com\\\/mediterraneanwear\\\/\"]},{\"@type\":\"Person\",\"@id\":\"https:\\\/\\\/mediterraneanwear.com\\\/ca\\\/#\\\/schema\\\/person\\\/2d988e31b8baa70bb16aa34563bd93f3\",\"name\":\"admin\",\"image\":{\"@type\":\"ImageObject\",\"inLanguage\":\"ca\",\"@id\":\"https:\\\/\\\/mediterraneanwear.com\\\/wp-content\\\/litespeed\\\/avatar\\\/816610b7aa3b64415d6ea463cabdeff8.jpg?ver=1777289956\",\"url\":\"https:\\\/\\\/mediterraneanwear.com\\\/wp-content\\\/litespeed\\\/avatar\\\/816610b7aa3b64415d6ea463cabdeff8.jpg?ver=1777289956\",\"contentUrl\":\"https:\\\/\\\/mediterraneanwear.com\\\/wp-content\\\/litespeed\\\/avatar\\\/816610b7aa3b64415d6ea463cabdeff8.jpg?ver=1777289956\",\"caption\":\"admin\"},\"sameAs\":[\"https:\\\/\\\/mediterraneanwear.com\"],\"url\":\"https:\\\/\\\/mediterraneanwear.com\\\/ca\\\/author\\\/admin\\\/\"}]}<\/script>\n<!-- \/ Yoast SEO plugin. -->","yoast_head_json":{"title":"Mediterranean Wear estrena una camiseta dedicada a Lloret de Mar i als seus artistes locals - Mediterranean Wear","robots":{"index":"index","follow":"follow","max-snippet":"max-snippet:-1","max-image-preview":"max-image-preview:large","max-video-preview":"max-video-preview:-1"},"canonical":"https:\/\/mediterraneanwear.com\/ca\/2023\/04\/22\/mediterranean-wear-estrena-una-camiseta-dedicada-a-lloret-de-mar-i-als-seus-artistes-locals\/","og_locale":"ca_ES","og_type":"article","og_title":"Mediterranean Wear estrena una camiseta dedicada a Lloret de Mar i als seus artistes locals - Mediterranean Wear","og_description":"\u00b7 Es tracta d&#8217;una edici\u00f3 limitada a 99 unitats que vindran fins que hi hagi exist\u00e8ncies \u00b7 L\u00b4estampat \u00e9s de l\u00b4artista local Juan Velasco de l\u00b4associaci\u00f3 de dibuixants de Lloret de Mar La marca de roba lloretenca Mediterranean Wear (www.mediterraneanwear.com) creada per la coneguda botiga d&#8217;Esther Clemente, vol mostrar els atractius de Lloret de Mar [&hellip;]","og_url":"https:\/\/mediterraneanwear.com\/ca\/2023\/04\/22\/mediterranean-wear-estrena-una-camiseta-dedicada-a-lloret-de-mar-i-als-seus-artistes-locals\/","og_site_name":"Mediterranean Wear","article_publisher":"https:\/\/www.facebook.com\/mediterraneanwear\/","article_published_time":"2023-04-22T12:43:00+00:00","article_modified_time":"2025-04-08T10:41:53+00:00","og_image":[{"width":1200,"height":843,"url":"https:\/\/mediterraneanwear.com\/wp-content\/uploads\/2025\/01\/lg-b-blogmw_santroma.jpg","type":"image\/jpeg"}],"author":"admin","twitter_card":"summary_large_image","twitter_misc":{"Escrit per":"admin","Temps estimat de lectura":"1 minut"},"schema":{"@context":"https:\/\/schema.org","@graph":[{"@type":"Article","@id":"https:\/\/mediterraneanwear.com\/ca\/2023\/04\/22\/mediterranean-wear-estrena-una-camiseta-dedicada-a-lloret-de-mar-i-als-seus-artistes-locals\/#article","isPartOf":{"@id":"https:\/\/mediterraneanwear.com\/ca\/2023\/04\/22\/mediterranean-wear-estrena-una-camiseta-dedicada-a-lloret-de-mar-i-als-seus-artistes-locals\/"},"author":{"name":"admin","@id":"https:\/\/mediterraneanwear.com\/ca\/#\/schema\/person\/2d988e31b8baa70bb16aa34563bd93f3"},"headline":"Mediterranean Wear estrena una camiseta dedicada a Lloret de Mar i als seus artistes locals","datePublished":"2023-04-22T12:43:00+00:00","dateModified":"2025-04-08T10:41:53+00:00","mainEntityOfPage":{"@id":"https:\/\/mediterraneanwear.com\/ca\/2023\/04\/22\/mediterranean-wear-estrena-una-camiseta-dedicada-a-lloret-de-mar-i-als-seus-artistes-locals\/"},"wordCount":287,"publisher":{"@id":"https:\/\/mediterraneanwear.com\/ca\/#organization"},"image":{"@id":"https:\/\/mediterraneanwear.com\/ca\/2023\/04\/22\/mediterranean-wear-estrena-una-camiseta-dedicada-a-lloret-de-mar-i-als-seus-artistes-locals\/#primaryimage"},"thumbnailUrl":"https:\/\/mediterraneanwear.com\/wp-content\/uploads\/2025\/01\/lg-b-blogmw_santroma.jpg","articleSection":["bloc"],"inLanguage":"ca"},{"@type":"WebPage","@id":"https:\/\/mediterraneanwear.com\/ca\/2023\/04\/22\/mediterranean-wear-estrena-una-camiseta-dedicada-a-lloret-de-mar-i-als-seus-artistes-locals\/","url":"https:\/\/mediterraneanwear.com\/ca\/2023\/04\/22\/mediterranean-wear-estrena-una-camiseta-dedicada-a-lloret-de-mar-i-als-seus-artistes-locals\/","name":"Mediterranean Wear estrena una camiseta dedicada a Lloret de Mar i als seus artistes locals - Mediterranean Wear","isPartOf":{"@id":"https:\/\/mediterraneanwear.com\/ca\/#website"},"primaryImageOfPage":{"@id":"https:\/\/mediterraneanwear.com\/ca\/2023\/04\/22\/mediterranean-wear-estrena-una-camiseta-dedicada-a-lloret-de-mar-i-als-seus-artistes-locals\/#primaryimage"},"image":{"@id":"https:\/\/mediterraneanwear.com\/ca\/2023\/04\/22\/mediterranean-wear-estrena-una-camiseta-dedicada-a-lloret-de-mar-i-als-seus-artistes-locals\/#primaryimage"},"thumbnailUrl":"https:\/\/mediterraneanwear.com\/wp-content\/uploads\/2025\/01\/lg-b-blogmw_santroma.jpg","datePublished":"2023-04-22T12:43:00+00:00","dateModified":"2025-04-08T10:41:53+00:00","breadcrumb":{"@id":"https:\/\/mediterraneanwear.com\/ca\/2023\/04\/22\/mediterranean-wear-estrena-una-camiseta-dedicada-a-lloret-de-mar-i-als-seus-artistes-locals\/#breadcrumb"},"inLanguage":"ca","potentialAction":[{"@type":"ReadAction","target":["https:\/\/mediterraneanwear.com\/ca\/2023\/04\/22\/mediterranean-wear-estrena-una-camiseta-dedicada-a-lloret-de-mar-i-als-seus-artistes-locals\/"]}]},{"@type":"ImageObject","inLanguage":"ca","@id":"https:\/\/mediterraneanwear.com\/ca\/2023\/04\/22\/mediterranean-wear-estrena-una-camiseta-dedicada-a-lloret-de-mar-i-als-seus-artistes-locals\/#primaryimage","url":"https:\/\/mediterraneanwear.com\/wp-content\/uploads\/2025\/01\/lg-b-blogmw_santroma.jpg","contentUrl":"https:\/\/mediterraneanwear.com\/wp-content\/uploads\/2025\/01\/lg-b-blogmw_santroma.jpg","width":1200,"height":843},{"@type":"BreadcrumbList","@id":"https:\/\/mediterraneanwear.com\/ca\/2023\/04\/22\/mediterranean-wear-estrena-una-camiseta-dedicada-a-lloret-de-mar-i-als-seus-artistes-locals\/#breadcrumb","itemListElement":[{"@type":"ListItem","position":1,"name":"Portada","item":"https:\/\/mediterraneanwear.com\/ca\/"},{"@type":"ListItem","position":2,"name":"Mediterranean Wear estrena una camiseta dedicada a Lloret de Mar i als seus artistes locals"}]},{"@type":"WebSite","@id":"https:\/\/mediterraneanwear.com\/ca\/#website","url":"https:\/\/mediterraneanwear.com\/ca\/","name":"Mediterranean Wear","description":"Mediterranean Wear","publisher":{"@id":"https:\/\/mediterraneanwear.com\/ca\/#organization"},"potentialAction":[{"@type":"SearchAction","target":{"@type":"EntryPoint","urlTemplate":"https:\/\/mediterraneanwear.com\/ca\/?s={search_term_string}"},"query-input":{"@type":"PropertyValueSpecification","valueRequired":true,"valueName":"search_term_string"}}],"inLanguage":"ca"},{"@type":"Organization","@id":"https:\/\/mediterraneanwear.com\/ca\/#organization","name":"Mediterranean Wear","url":"https:\/\/mediterraneanwear.com\/ca\/","logo":{"@type":"ImageObject","inLanguage":"ca","@id":"https:\/\/mediterraneanwear.com\/ca\/#\/schema\/logo\/image\/","url":"https:\/\/mediterraneanwear.com\/wp-content\/uploads\/2025\/05\/LOGO-MediterraneanWear_2.png","contentUrl":"https:\/\/mediterraneanwear.com\/wp-content\/uploads\/2025\/05\/LOGO-MediterraneanWear_2.png","width":566,"height":81,"caption":"Mediterranean Wear"},"image":{"@id":"https:\/\/mediterraneanwear.com\/ca\/#\/schema\/logo\/image\/"},"sameAs":["https:\/\/www.facebook.com\/mediterraneanwear\/","https:\/\/www.instagram.com\/mediterraneanwear\/"]},{"@type":"Person","@id":"https:\/\/mediterraneanwear.com\/ca\/#\/schema\/person\/2d988e31b8baa70bb16aa34563bd93f3","name":"admin","image":{"@type":"ImageObject","inLanguage":"ca","@id":"https:\/\/mediterraneanwear.com\/wp-content\/litespeed\/avatar\/816610b7aa3b64415d6ea463cabdeff8.jpg?ver=1777289956","url":"https:\/\/mediterraneanwear.com\/wp-content\/litespeed\/avatar\/816610b7aa3b64415d6ea463cabdeff8.jpg?ver=1777289956","contentUrl":"https:\/\/mediterraneanwear.com\/wp-content\/litespeed\/avatar\/816610b7aa3b64415d6ea463cabdeff8.jpg?ver=1777289956","caption":"admin"},"sameAs":["https:\/\/mediterraneanwear.com"],"url":"https:\/\/mediterraneanwear.com\/ca\/author\/admin\/"}]}},"_links":{"self":[{"href":"https:\/\/mediterraneanwear.com\/ca\/wp-json\/wp\/v2\/posts\/5067","targetHints":{"allow":["GET"]}}],"collection":[{"href":"https:\/\/mediterraneanwear.com\/ca\/wp-json\/wp\/v2\/posts"}],"about":[{"href":"https:\/\/mediterraneanwear.com\/ca\/wp-json\/wp\/v2\/types\/post"}],"author":[{"embeddable":true,"href":"https:\/\/mediterraneanwear.com\/ca\/wp-json\/wp\/v2\/users\/1"}],"replies":[{"embeddable":true,"href":"https:\/\/mediterraneanwear.com\/ca\/wp-json\/wp\/v2\/comments?post=5067"}],"version-history":[{"count":0,"href":"https:\/\/mediterraneanwear.com\/ca\/wp-json\/wp\/v2\/posts\/5067\/revisions"}],"wp:featuredmedia":[{"embeddable":true,"href":"https:\/\/mediterraneanwear.com\/ca\/wp-json\/wp\/v2\/media\/4801"}],"wp:attachment":[{"href":"https:\/\/mediterraneanwear.com\/ca\/wp-json\/wp\/v2\/media?parent=5067"}],"wp:term":[{"taxonomy":"category","embeddable":true,"href":"https:\/\/mediterraneanwear.com\/ca\/wp-json\/wp\/v2\/categories?post=5067"},{"taxonomy":"post_tag","embeddable":true,"href":"https:\/\/mediterraneanwear.com\/ca\/wp-json\/wp\/v2\/tags?post=5067"}],"curies":[{"name":"wp","href":"https:\/\/api.w.org\/{rel}","templated":true}]}}