{"id":5656,"date":"2021-07-05T11:13:00","date_gmt":"2021-07-05T10:13:00","guid":{"rendered":"https:\/\/mediterraneanwear.com\/2021\/07\/05\/tornem-a-les-fires\/"},"modified":"2025-04-08T11:28:23","modified_gmt":"2025-04-08T10:28:23","slug":"tornem-a-les-fires","status":"publish","type":"post","link":"https:\/\/mediterraneanwear.com\/ca\/2021\/07\/05\/tornem-a-les-fires\/","title":{"rendered":"Tornem a les Fires!"},"content":{"rendered":"\n<figure class=\"wp-block-image size-large\"><img decoding=\"async\" width=\"1024\" height=\"719\" src=\"https:\/\/mediterraneanwear.com\/wp-content\/uploads\/2025\/01\/lg-b-fira-mw-1024x719.jpg\" alt=\"\" class=\"wp-image-1969\" srcset=\"https:\/\/mediterraneanwear.com\/wp-content\/uploads\/2025\/01\/lg-b-fira-mw-1024x719.jpg 1024w, https:\/\/mediterraneanwear.com\/wp-content\/uploads\/2025\/01\/lg-b-fira-mw-300x211.jpg 300w, https:\/\/mediterraneanwear.com\/wp-content\/uploads\/2025\/01\/lg-b-fira-mw-768x540.jpg 768w, https:\/\/mediterraneanwear.com\/wp-content\/uploads\/2025\/01\/lg-b-fira-mw-900x632.jpg 900w, https:\/\/mediterraneanwear.com\/wp-content\/uploads\/2025\/01\/lg-b-fira-mw.jpg 1200w\" sizes=\"(max-width: 1024px) 100vw, 1024px\" \/><\/figure>\n\n<p>A l\u00b4estiu ens encanta sortir i participar a les fires i mercats d\u00b4artesania que se celebren al llarg de les nostres costes. A causa de les restriccions pel Covid, aquest darrer any no s&#8217;han pogut celebrar per\u00f2 lentament tornem a la \u201cnormalitat\u201d i aquest estiu algunes localitats ja comencen a organitzar-les, encara que amb mesures anti-covid d&#8217;aforament. <\/p>\n\n<p>Sabem com n&#8217;\u00e9s d&#8217;important poder con\u00e8ixer-vos i parlar amb vosaltres, poder ensenyar-vos la nostra col\u00b7lecci\u00f3 mediterraneanwear i les seves novetats, que pugueu veure la qualitat del nostre cot\u00f3 i explicar-vos la nostra filosofia. Per aix\u00f2 i perqu\u00e8 alguns de vosaltres ja us heu convertit en amics de mediterraneanwear, us esperem a tots a les fires d&#8217;aquest estiu. Algunes dates ja estan confirmades i d&#8217;altres us les confirmarem m\u00e9s endavant.  <\/p>\n\n<p>I recordeu que sempre podeu venir a visitar-nos a <a href=\"https:\/\/g.page\/estherclementebotiga?share\">la nostra botiga mediterraneanwear by Esther Clemente<\/a> de Lloret de Mar.<\/p>\n\n<p><strong>Fira Artesana i Aliment\u00e0ria de Lloret de Mar<\/strong><\/p>\n\n<p>Tots els dijous de juliol i agost<\/p>\n\n<p>Pla\u00e7a de la Vila<\/p>\n\n<p>De 15h a 22h<\/p>\n\n<p>_____<\/p>\n\n<p><strong>Fira &#8211; Mercat Poble Pescador 2021 de Premi\u00e0 de Mar<\/strong><\/p>\n\n<p>10 i 11 de Juliol<\/p>\n\n<p>Carrer Enric Granados<\/p>\n\n<p>De 9h a 21h<\/p>\n\n<p>_____<\/p>\n\n<p><strong>Mercat d&#8217;Estiu de Begur<\/strong><\/p>\n\n<p>24 i 25 de Juliol<\/p>\n\n<p>PLa\u00e7a Llu\u00eds Esteve Crua\u00f1as<\/p>\n\n<p>D&#8217;11 ha 23 h<\/p>\n\n<p>_____<\/p>\n\n<p><strong>Fira Calonge Cubana<\/strong><\/p>\n\n<p>7 i 8 d&#8217;agost<\/p>\n\n<p>Pla\u00e7a del Castell<\/p>\n\n<p>De 10h a 23h<\/p>\n\n<p>_____<\/p>\n\n<p><strong>Lloret Estiu Market<\/strong><\/p>\n\n<p>5 de Setembre<\/p>\n\n<p>Pla\u00e7a de l\u00b4Esgl\u00e9sia<\/p>\n\n<p>D&#8217;1 ha 23 h<\/p>\n\n<p>_____<\/p>\n\n<p><strong>Fira Mercat Modernista de Canet de Mar<\/strong><\/p>\n\n<p>18 i 19 de Setembre<\/p>\n\n<p>Passeig Nostra senyora Miseric\u00f2rdia<\/p>\n\n<p>Des de les 10 del mat\u00ed<\/p>\n\n<p>_____<\/p>\n\n<p><strong>Fira Indiana de Cadaqu\u00e9s<\/strong><\/p>\n\n<p>25 i 26 de Setembre<\/p>\n\n<p>D&#8217;11 ha 20 h<\/p>\n","protected":false},"excerpt":{"rendered":"<p>A l\u00b4estiu ens encanta sortir i participar a les fires i mercats d\u00b4artesania que se celebren al llarg de les nostres costes. A causa de les restriccions pel Covid, aquest darrer any no s&#8217;han pogut celebrar per\u00f2 lentament tornem a la \u201cnormalitat\u201d i aquest estiu algunes localitats ja comencen a organitzar-les, encara que amb mesures [&hellip;]<\/p>\n","protected":false},"author":1,"featured_media":4825,"comment_status":"closed","ping_status":"closed","sticky":false,"template":"","format":"standard","meta":{"footnotes":""},"categories":[398],"tags":[],"class_list":["post-5656","post","type-post","status-publish","format-standard","has-post-thumbnail","hentry","category-bloc"],"blocksy_meta":[],"yoast_head":"<!-- This site is optimized with the Yoast SEO plugin v27.5 - https:\/\/yoast.com\/product\/yoast-seo-wordpress\/ -->\n<title>Tornem a les Fires! - Mediterranean Wear<\/title>\n<meta name=\"robots\" content=\"index, follow, max-snippet:-1, max-image-preview:large, max-video-preview:-1\" \/>\n<link rel=\"canonical\" href=\"https:\/\/mediterraneanwear.com\/ca\/2021\/07\/05\/tornem-a-les-fires\/\" \/>\n<meta property=\"og:locale\" content=\"ca_ES\" \/>\n<meta property=\"og:type\" content=\"article\" \/>\n<meta property=\"og:title\" content=\"Tornem a les Fires! - Mediterranean Wear\" \/>\n<meta property=\"og:description\" content=\"A l\u00b4estiu ens encanta sortir i participar a les fires i mercats d\u00b4artesania que se celebren al llarg de les nostres costes. A causa de les restriccions pel Covid, aquest darrer any no s&#8217;han pogut celebrar per\u00f2 lentament tornem a la \u201cnormalitat\u201d i aquest estiu algunes localitats ja comencen a organitzar-les, encara que amb mesures [&hellip;]\" \/>\n<meta property=\"og:url\" content=\"https:\/\/mediterraneanwear.com\/ca\/2021\/07\/05\/tornem-a-les-fires\/\" \/>\n<meta property=\"og:site_name\" content=\"Mediterranean Wear\" \/>\n<meta property=\"article:publisher\" content=\"https:\/\/www.facebook.com\/mediterraneanwear\/\" \/>\n<meta property=\"article:published_time\" content=\"2021-07-05T10:13:00+00:00\" \/>\n<meta property=\"article:modified_time\" content=\"2025-04-08T10:28:23+00:00\" \/>\n<meta property=\"og:image\" content=\"https:\/\/mediterraneanwear.com\/wp-content\/uploads\/2025\/01\/lg-b-fira-mw.jpg\" \/>\n\t<meta property=\"og:image:width\" content=\"1200\" \/>\n\t<meta property=\"og:image:height\" content=\"843\" \/>\n\t<meta property=\"og:image:type\" content=\"image\/jpeg\" \/>\n<meta name=\"author\" content=\"admin\" \/>\n<meta name=\"twitter:card\" content=\"summary_large_image\" \/>\n<meta name=\"twitter:label1\" content=\"Escrit per\" \/>\n\t<meta name=\"twitter:data1\" content=\"admin\" \/>\n\t<meta name=\"twitter:label2\" content=\"Temps estimat de lectura\" \/>\n\t<meta name=\"twitter:data2\" content=\"1 minut\" \/>\n<script type=\"application\/ld+json\" class=\"yoast-schema-graph\">{\"@context\":\"https:\\\/\\\/schema.org\",\"@graph\":[{\"@type\":\"Article\",\"@id\":\"https:\\\/\\\/mediterraneanwear.com\\\/ca\\\/2021\\\/07\\\/05\\\/tornem-a-les-fires\\\/#article\",\"isPartOf\":{\"@id\":\"https:\\\/\\\/mediterraneanwear.com\\\/ca\\\/2021\\\/07\\\/05\\\/tornem-a-les-fires\\\/\"},\"author\":{\"name\":\"admin\",\"@id\":\"https:\\\/\\\/mediterraneanwear.com\\\/ca\\\/#\\\/schema\\\/person\\\/2d988e31b8baa70bb16aa34563bd93f3\"},\"headline\":\"Tornem a les Fires!\",\"datePublished\":\"2021-07-05T10:13:00+00:00\",\"dateModified\":\"2025-04-08T10:28:23+00:00\",\"mainEntityOfPage\":{\"@id\":\"https:\\\/\\\/mediterraneanwear.com\\\/ca\\\/2021\\\/07\\\/05\\\/tornem-a-les-fires\\\/\"},\"wordCount\":282,\"publisher\":{\"@id\":\"https:\\\/\\\/mediterraneanwear.com\\\/ca\\\/#organization\"},\"image\":{\"@id\":\"https:\\\/\\\/mediterraneanwear.com\\\/ca\\\/2021\\\/07\\\/05\\\/tornem-a-les-fires\\\/#primaryimage\"},\"thumbnailUrl\":\"https:\\\/\\\/mediterraneanwear.com\\\/wp-content\\\/uploads\\\/2025\\\/01\\\/lg-b-fira-mw.jpg\",\"articleSection\":[\"bloc\"],\"inLanguage\":\"ca\"},{\"@type\":\"WebPage\",\"@id\":\"https:\\\/\\\/mediterraneanwear.com\\\/ca\\\/2021\\\/07\\\/05\\\/tornem-a-les-fires\\\/\",\"url\":\"https:\\\/\\\/mediterraneanwear.com\\\/ca\\\/2021\\\/07\\\/05\\\/tornem-a-les-fires\\\/\",\"name\":\"Tornem a les Fires! - Mediterranean Wear\",\"isPartOf\":{\"@id\":\"https:\\\/\\\/mediterraneanwear.com\\\/ca\\\/#website\"},\"primaryImageOfPage\":{\"@id\":\"https:\\\/\\\/mediterraneanwear.com\\\/ca\\\/2021\\\/07\\\/05\\\/tornem-a-les-fires\\\/#primaryimage\"},\"image\":{\"@id\":\"https:\\\/\\\/mediterraneanwear.com\\\/ca\\\/2021\\\/07\\\/05\\\/tornem-a-les-fires\\\/#primaryimage\"},\"thumbnailUrl\":\"https:\\\/\\\/mediterraneanwear.com\\\/wp-content\\\/uploads\\\/2025\\\/01\\\/lg-b-fira-mw.jpg\",\"datePublished\":\"2021-07-05T10:13:00+00:00\",\"dateModified\":\"2025-04-08T10:28:23+00:00\",\"breadcrumb\":{\"@id\":\"https:\\\/\\\/mediterraneanwear.com\\\/ca\\\/2021\\\/07\\\/05\\\/tornem-a-les-fires\\\/#breadcrumb\"},\"inLanguage\":\"ca\",\"potentialAction\":[{\"@type\":\"ReadAction\",\"target\":[\"https:\\\/\\\/mediterraneanwear.com\\\/ca\\\/2021\\\/07\\\/05\\\/tornem-a-les-fires\\\/\"]}]},{\"@type\":\"ImageObject\",\"inLanguage\":\"ca\",\"@id\":\"https:\\\/\\\/mediterraneanwear.com\\\/ca\\\/2021\\\/07\\\/05\\\/tornem-a-les-fires\\\/#primaryimage\",\"url\":\"https:\\\/\\\/mediterraneanwear.com\\\/wp-content\\\/uploads\\\/2025\\\/01\\\/lg-b-fira-mw.jpg\",\"contentUrl\":\"https:\\\/\\\/mediterraneanwear.com\\\/wp-content\\\/uploads\\\/2025\\\/01\\\/lg-b-fira-mw.jpg\",\"width\":1200,\"height\":843},{\"@type\":\"BreadcrumbList\",\"@id\":\"https:\\\/\\\/mediterraneanwear.com\\\/ca\\\/2021\\\/07\\\/05\\\/tornem-a-les-fires\\\/#breadcrumb\",\"itemListElement\":[{\"@type\":\"ListItem\",\"position\":1,\"name\":\"Portada\",\"item\":\"https:\\\/\\\/mediterraneanwear.com\\\/ca\\\/\"},{\"@type\":\"ListItem\",\"position\":2,\"name\":\"Tornem a les Fires!\"}]},{\"@type\":\"WebSite\",\"@id\":\"https:\\\/\\\/mediterraneanwear.com\\\/ca\\\/#website\",\"url\":\"https:\\\/\\\/mediterraneanwear.com\\\/ca\\\/\",\"name\":\"Mediterranean Wear\",\"description\":\"Mediterranean Wear\",\"publisher\":{\"@id\":\"https:\\\/\\\/mediterraneanwear.com\\\/ca\\\/#organization\"},\"potentialAction\":[{\"@type\":\"SearchAction\",\"target\":{\"@type\":\"EntryPoint\",\"urlTemplate\":\"https:\\\/\\\/mediterraneanwear.com\\\/ca\\\/?s={search_term_string}\"},\"query-input\":{\"@type\":\"PropertyValueSpecification\",\"valueRequired\":true,\"valueName\":\"search_term_string\"}}],\"inLanguage\":\"ca\"},{\"@type\":\"Organization\",\"@id\":\"https:\\\/\\\/mediterraneanwear.com\\\/ca\\\/#organization\",\"name\":\"Mediterranean Wear\",\"url\":\"https:\\\/\\\/mediterraneanwear.com\\\/ca\\\/\",\"logo\":{\"@type\":\"ImageObject\",\"inLanguage\":\"ca\",\"@id\":\"https:\\\/\\\/mediterraneanwear.com\\\/ca\\\/#\\\/schema\\\/logo\\\/image\\\/\",\"url\":\"https:\\\/\\\/mediterraneanwear.com\\\/wp-content\\\/uploads\\\/2025\\\/05\\\/LOGO-MediterraneanWear_2.png\",\"contentUrl\":\"https:\\\/\\\/mediterraneanwear.com\\\/wp-content\\\/uploads\\\/2025\\\/05\\\/LOGO-MediterraneanWear_2.png\",\"width\":566,\"height\":81,\"caption\":\"Mediterranean Wear\"},\"image\":{\"@id\":\"https:\\\/\\\/mediterraneanwear.com\\\/ca\\\/#\\\/schema\\\/logo\\\/image\\\/\"},\"sameAs\":[\"https:\\\/\\\/www.facebook.com\\\/mediterraneanwear\\\/\",\"https:\\\/\\\/www.instagram.com\\\/mediterraneanwear\\\/\"]},{\"@type\":\"Person\",\"@id\":\"https:\\\/\\\/mediterraneanwear.com\\\/ca\\\/#\\\/schema\\\/person\\\/2d988e31b8baa70bb16aa34563bd93f3\",\"name\":\"admin\",\"image\":{\"@type\":\"ImageObject\",\"inLanguage\":\"ca\",\"@id\":\"https:\\\/\\\/mediterraneanwear.com\\\/wp-content\\\/litespeed\\\/avatar\\\/816610b7aa3b64415d6ea463cabdeff8.jpg?ver=1777289956\",\"url\":\"https:\\\/\\\/mediterraneanwear.com\\\/wp-content\\\/litespeed\\\/avatar\\\/816610b7aa3b64415d6ea463cabdeff8.jpg?ver=1777289956\",\"contentUrl\":\"https:\\\/\\\/mediterraneanwear.com\\\/wp-content\\\/litespeed\\\/avatar\\\/816610b7aa3b64415d6ea463cabdeff8.jpg?ver=1777289956\",\"caption\":\"admin\"},\"sameAs\":[\"https:\\\/\\\/mediterraneanwear.com\"],\"url\":\"https:\\\/\\\/mediterraneanwear.com\\\/ca\\\/author\\\/admin\\\/\"}]}<\/script>\n<!-- \/ Yoast SEO plugin. -->","yoast_head_json":{"title":"Tornem a les Fires! - Mediterranean Wear","robots":{"index":"index","follow":"follow","max-snippet":"max-snippet:-1","max-image-preview":"max-image-preview:large","max-video-preview":"max-video-preview:-1"},"canonical":"https:\/\/mediterraneanwear.com\/ca\/2021\/07\/05\/tornem-a-les-fires\/","og_locale":"ca_ES","og_type":"article","og_title":"Tornem a les Fires! - Mediterranean Wear","og_description":"A l\u00b4estiu ens encanta sortir i participar a les fires i mercats d\u00b4artesania que se celebren al llarg de les nostres costes. A causa de les restriccions pel Covid, aquest darrer any no s&#8217;han pogut celebrar per\u00f2 lentament tornem a la \u201cnormalitat\u201d i aquest estiu algunes localitats ja comencen a organitzar-les, encara que amb mesures [&hellip;]","og_url":"https:\/\/mediterraneanwear.com\/ca\/2021\/07\/05\/tornem-a-les-fires\/","og_site_name":"Mediterranean Wear","article_publisher":"https:\/\/www.facebook.com\/mediterraneanwear\/","article_published_time":"2021-07-05T10:13:00+00:00","article_modified_time":"2025-04-08T10:28:23+00:00","og_image":[{"width":1200,"height":843,"url":"https:\/\/mediterraneanwear.com\/wp-content\/uploads\/2025\/01\/lg-b-fira-mw.jpg","type":"image\/jpeg"}],"author":"admin","twitter_card":"summary_large_image","twitter_misc":{"Escrit per":"admin","Temps estimat de lectura":"1 minut"},"schema":{"@context":"https:\/\/schema.org","@graph":[{"@type":"Article","@id":"https:\/\/mediterraneanwear.com\/ca\/2021\/07\/05\/tornem-a-les-fires\/#article","isPartOf":{"@id":"https:\/\/mediterraneanwear.com\/ca\/2021\/07\/05\/tornem-a-les-fires\/"},"author":{"name":"admin","@id":"https:\/\/mediterraneanwear.com\/ca\/#\/schema\/person\/2d988e31b8baa70bb16aa34563bd93f3"},"headline":"Tornem a les Fires!","datePublished":"2021-07-05T10:13:00+00:00","dateModified":"2025-04-08T10:28:23+00:00","mainEntityOfPage":{"@id":"https:\/\/mediterraneanwear.com\/ca\/2021\/07\/05\/tornem-a-les-fires\/"},"wordCount":282,"publisher":{"@id":"https:\/\/mediterraneanwear.com\/ca\/#organization"},"image":{"@id":"https:\/\/mediterraneanwear.com\/ca\/2021\/07\/05\/tornem-a-les-fires\/#primaryimage"},"thumbnailUrl":"https:\/\/mediterraneanwear.com\/wp-content\/uploads\/2025\/01\/lg-b-fira-mw.jpg","articleSection":["bloc"],"inLanguage":"ca"},{"@type":"WebPage","@id":"https:\/\/mediterraneanwear.com\/ca\/2021\/07\/05\/tornem-a-les-fires\/","url":"https:\/\/mediterraneanwear.com\/ca\/2021\/07\/05\/tornem-a-les-fires\/","name":"Tornem a les Fires! - Mediterranean Wear","isPartOf":{"@id":"https:\/\/mediterraneanwear.com\/ca\/#website"},"primaryImageOfPage":{"@id":"https:\/\/mediterraneanwear.com\/ca\/2021\/07\/05\/tornem-a-les-fires\/#primaryimage"},"image":{"@id":"https:\/\/mediterraneanwear.com\/ca\/2021\/07\/05\/tornem-a-les-fires\/#primaryimage"},"thumbnailUrl":"https:\/\/mediterraneanwear.com\/wp-content\/uploads\/2025\/01\/lg-b-fira-mw.jpg","datePublished":"2021-07-05T10:13:00+00:00","dateModified":"2025-04-08T10:28:23+00:00","breadcrumb":{"@id":"https:\/\/mediterraneanwear.com\/ca\/2021\/07\/05\/tornem-a-les-fires\/#breadcrumb"},"inLanguage":"ca","potentialAction":[{"@type":"ReadAction","target":["https:\/\/mediterraneanwear.com\/ca\/2021\/07\/05\/tornem-a-les-fires\/"]}]},{"@type":"ImageObject","inLanguage":"ca","@id":"https:\/\/mediterraneanwear.com\/ca\/2021\/07\/05\/tornem-a-les-fires\/#primaryimage","url":"https:\/\/mediterraneanwear.com\/wp-content\/uploads\/2025\/01\/lg-b-fira-mw.jpg","contentUrl":"https:\/\/mediterraneanwear.com\/wp-content\/uploads\/2025\/01\/lg-b-fira-mw.jpg","width":1200,"height":843},{"@type":"BreadcrumbList","@id":"https:\/\/mediterraneanwear.com\/ca\/2021\/07\/05\/tornem-a-les-fires\/#breadcrumb","itemListElement":[{"@type":"ListItem","position":1,"name":"Portada","item":"https:\/\/mediterraneanwear.com\/ca\/"},{"@type":"ListItem","position":2,"name":"Tornem a les Fires!"}]},{"@type":"WebSite","@id":"https:\/\/mediterraneanwear.com\/ca\/#website","url":"https:\/\/mediterraneanwear.com\/ca\/","name":"Mediterranean Wear","description":"Mediterranean Wear","publisher":{"@id":"https:\/\/mediterraneanwear.com\/ca\/#organization"},"potentialAction":[{"@type":"SearchAction","target":{"@type":"EntryPoint","urlTemplate":"https:\/\/mediterraneanwear.com\/ca\/?s={search_term_string}"},"query-input":{"@type":"PropertyValueSpecification","valueRequired":true,"valueName":"search_term_string"}}],"inLanguage":"ca"},{"@type":"Organization","@id":"https:\/\/mediterraneanwear.com\/ca\/#organization","name":"Mediterranean Wear","url":"https:\/\/mediterraneanwear.com\/ca\/","logo":{"@type":"ImageObject","inLanguage":"ca","@id":"https:\/\/mediterraneanwear.com\/ca\/#\/schema\/logo\/image\/","url":"https:\/\/mediterraneanwear.com\/wp-content\/uploads\/2025\/05\/LOGO-MediterraneanWear_2.png","contentUrl":"https:\/\/mediterraneanwear.com\/wp-content\/uploads\/2025\/05\/LOGO-MediterraneanWear_2.png","width":566,"height":81,"caption":"Mediterranean Wear"},"image":{"@id":"https:\/\/mediterraneanwear.com\/ca\/#\/schema\/logo\/image\/"},"sameAs":["https:\/\/www.facebook.com\/mediterraneanwear\/","https:\/\/www.instagram.com\/mediterraneanwear\/"]},{"@type":"Person","@id":"https:\/\/mediterraneanwear.com\/ca\/#\/schema\/person\/2d988e31b8baa70bb16aa34563bd93f3","name":"admin","image":{"@type":"ImageObject","inLanguage":"ca","@id":"https:\/\/mediterraneanwear.com\/wp-content\/litespeed\/avatar\/816610b7aa3b64415d6ea463cabdeff8.jpg?ver=1777289956","url":"https:\/\/mediterraneanwear.com\/wp-content\/litespeed\/avatar\/816610b7aa3b64415d6ea463cabdeff8.jpg?ver=1777289956","contentUrl":"https:\/\/mediterraneanwear.com\/wp-content\/litespeed\/avatar\/816610b7aa3b64415d6ea463cabdeff8.jpg?ver=1777289956","caption":"admin"},"sameAs":["https:\/\/mediterraneanwear.com"],"url":"https:\/\/mediterraneanwear.com\/ca\/author\/admin\/"}]}},"_links":{"self":[{"href":"https:\/\/mediterraneanwear.com\/ca\/wp-json\/wp\/v2\/posts\/5656","targetHints":{"allow":["GET"]}}],"collection":[{"href":"https:\/\/mediterraneanwear.com\/ca\/wp-json\/wp\/v2\/posts"}],"about":[{"href":"https:\/\/mediterraneanwear.com\/ca\/wp-json\/wp\/v2\/types\/post"}],"author":[{"embeddable":true,"href":"https:\/\/mediterraneanwear.com\/ca\/wp-json\/wp\/v2\/users\/1"}],"replies":[{"embeddable":true,"href":"https:\/\/mediterraneanwear.com\/ca\/wp-json\/wp\/v2\/comments?post=5656"}],"version-history":[{"count":0,"href":"https:\/\/mediterraneanwear.com\/ca\/wp-json\/wp\/v2\/posts\/5656\/revisions"}],"wp:featuredmedia":[{"embeddable":true,"href":"https:\/\/mediterraneanwear.com\/ca\/wp-json\/wp\/v2\/media\/4825"}],"wp:attachment":[{"href":"https:\/\/mediterraneanwear.com\/ca\/wp-json\/wp\/v2\/media?parent=5656"}],"wp:term":[{"taxonomy":"category","embeddable":true,"href":"https:\/\/mediterraneanwear.com\/ca\/wp-json\/wp\/v2\/categories?post=5656"},{"taxonomy":"post_tag","embeddable":true,"href":"https:\/\/mediterraneanwear.com\/ca\/wp-json\/wp\/v2\/tags?post=5656"}],"curies":[{"name":"wp","href":"https:\/\/api.w.org\/{rel}","templated":true}]}}