{"id":6526,"date":"2023-04-22T13:43:00","date_gmt":"2023-04-22T12:43:00","guid":{"rendered":"https:\/\/mediterraneanwear.com\/2023\/04\/22\/mediterranean-wear-lance-une-samarreta-dediee-a-lloret-de-mar-et-a-ses-artistes-locaux\/"},"modified":"2025-04-08T11:37:06","modified_gmt":"2025-04-08T10:37:06","slug":"mediterranean-wear-lance-une-samarreta-dediee-a-lloret-de-mar-et-a-ses-artistes-locaux","status":"publish","type":"post","link":"https:\/\/mediterraneanwear.com\/fr\/2023\/04\/22\/mediterranean-wear-lance-une-samarreta-dediee-a-lloret-de-mar-et-a-ses-artistes-locaux\/","title":{"rendered":"Mediterranean Wear sort un t-shirt d\u00e9di\u00e9 \u00e0 Lloret de Mar et \u00e0 ses artistes locaux"},"content":{"rendered":"\n<figure class=\"wp-block-image size-large\"><img decoding=\"async\" width=\"1024\" height=\"719\" src=\"https:\/\/mediterraneanwear.com\/wp-content\/uploads\/2025\/01\/lg-b-blogmw_santroma-1-1024x719.jpg\" alt=\"\" class=\"wp-image-1921\" srcset=\"https:\/\/mediterraneanwear.com\/wp-content\/uploads\/2025\/01\/lg-b-blogmw_santroma-1-1024x719.jpg 1024w, https:\/\/mediterraneanwear.com\/wp-content\/uploads\/2025\/01\/lg-b-blogmw_santroma-1-300x211.jpg 300w, https:\/\/mediterraneanwear.com\/wp-content\/uploads\/2025\/01\/lg-b-blogmw_santroma-1-768x540.jpg 768w, https:\/\/mediterraneanwear.com\/wp-content\/uploads\/2025\/01\/lg-b-blogmw_santroma-1-900x632.jpg 900w, https:\/\/mediterraneanwear.com\/wp-content\/uploads\/2025\/01\/lg-b-blogmw_santroma-1.jpg 1200w\" sizes=\"(max-width: 1024px) 100vw, 1024px\" \/><\/figure>\n\n<p>\u00b7 Il s&rsquo;agit d&rsquo;une \u00e9dition limit\u00e9e \u00e0 99 unit\u00e9s qui sera vendue jusqu&rsquo;\u00e0 \u00e9puisement des stocks<\/p>\n\n<p>\u00b7 L&rsquo;impression est r\u00e9alis\u00e9e par l&rsquo;artiste local Juan Velasco de l&rsquo;association des dessinateurs de Lloret de Mar.<\/p>\n\n<p>La marque de v\u00eatements Mediterranean Wear (www.mediterraneanwear.com), bas\u00e9e \u00e0 Lloret, cr\u00e9\u00e9e par la c\u00e9l\u00e8bre boutique d&rsquo;Esther Clemente, souhaite montrer au monde entier les attraits de Lloret de Mar sous forme de t-shirts avec des \u00e9l\u00e9ments marquants de la ville.<\/p>\n\n<p>Apr\u00e8s de nombreuses ann\u00e9es consacr\u00e9es au commerce local, Esther Clemente et Pere Sur\u00eds ont d\u00e9cid\u00e9 de cr\u00e9er la marque Mediterranean Wear pour vendre en ligne ainsi que dans les foires de toute la Costa Brava.<\/p>\n\n<p>D\u00e8s le d\u00e9but, cette marque s&rsquo;est distingu\u00e9e en travaillant avec des produits naturels et proches pour \u00eatre la plus respectueuse possible de l&rsquo;environnement. Ces derniers mois, cette marque a collabor\u00e9 avec l&rsquo;association des dessinateurs de Lloret de Mar et de cette proximit\u00e9 est n\u00e9e l&rsquo;id\u00e9e de concevoir des chemises bas\u00e9es sur certains dessins r\u00e9alis\u00e9s par Lloretense sur des \u00e9l\u00e9ments marquants de la population. <\/p>\n\n<p>Le responsable de la confection des chemises est le fournisseur Sargantana, une marque de mode pr\u00e9sente dans toute la Catalogne aupr\u00e8s des jeunes et que l&rsquo;on retrouve \u00e0 Lloret de Mar dans la boutique d&rsquo;Esther Clemente (C\/ Narcis Fors, 9).<\/p>\n\n<p>Cette initiative, qui a la double intention de rendre visible le meilleur de notre ville et de soutenir et faire conna\u00eetre les artistes locaux, vise \u00e0 avoir une continuit\u00e9 ann\u00e9e apr\u00e8s ann\u00e9e.<\/p>\n\n<p>\u00c0 partir d&rsquo;aujourd&rsquo;hui, vous pouvez trouver votre chemise dans :<\/p>\n\n<p>C\/ Narcis Fors, 9 17310 Lloret de Mar<\/p>\n\n<p>www.mediterraneanwear.com<\/p>\n","protected":false},"excerpt":{"rendered":"<p>\u00b7 Il s&rsquo;agit d&rsquo;une \u00e9dition limit\u00e9e \u00e0 99 unit\u00e9s qui sera vendue jusqu&rsquo;\u00e0 \u00e9puisement des stocks \u00b7 L&rsquo;impression est r\u00e9alis\u00e9e par l&rsquo;artiste local Juan Velasco de l&rsquo;association des dessinateurs de Lloret de Mar. La marque de v\u00eatements Mediterranean Wear (www.mediterraneanwear.com), bas\u00e9e \u00e0 Lloret, cr\u00e9\u00e9e par la c\u00e9l\u00e8bre boutique d&rsquo;Esther Clemente, souhaite montrer au monde entier [&hellip;]<\/p>\n","protected":false},"author":1,"featured_media":6527,"comment_status":"closed","ping_status":"closed","sticky":false,"template":"","format":"standard","meta":{"footnotes":""},"categories":[400],"tags":[],"class_list":["post-6526","post","type-post","status-publish","format-standard","has-post-thumbnail","hentry","category-bloguer"],"blocksy_meta":[],"yoast_head":"<!-- This site is optimized with the Yoast SEO plugin v27.5 - https:\/\/yoast.com\/product\/yoast-seo-wordpress\/ -->\n<title>Mediterranean Wear sort un t-shirt d\u00e9di\u00e9 \u00e0 Lloret de Mar et \u00e0 ses artistes locaux - Mediterranean Wear<\/title>\n<meta name=\"robots\" content=\"index, follow, max-snippet:-1, max-image-preview:large, max-video-preview:-1\" \/>\n<link rel=\"canonical\" href=\"https:\/\/mediterraneanwear.com\/fr\/2023\/04\/22\/mediterranean-wear-lance-une-samarreta-dediee-a-lloret-de-mar-et-a-ses-artistes-locaux\/\" \/>\n<meta property=\"og:locale\" content=\"fr_FR\" \/>\n<meta property=\"og:type\" content=\"article\" \/>\n<meta property=\"og:title\" content=\"Mediterranean Wear sort un t-shirt d\u00e9di\u00e9 \u00e0 Lloret de Mar et \u00e0 ses artistes locaux - Mediterranean Wear\" \/>\n<meta property=\"og:description\" content=\"\u00b7 Il s&rsquo;agit d&rsquo;une \u00e9dition limit\u00e9e \u00e0 99 unit\u00e9s qui sera vendue jusqu&rsquo;\u00e0 \u00e9puisement des stocks \u00b7 L&rsquo;impression est r\u00e9alis\u00e9e par l&rsquo;artiste local Juan Velasco de l&rsquo;association des dessinateurs de Lloret de Mar. La marque de v\u00eatements Mediterranean Wear (www.mediterraneanwear.com), bas\u00e9e \u00e0 Lloret, cr\u00e9\u00e9e par la c\u00e9l\u00e8bre boutique d&rsquo;Esther Clemente, souhaite montrer au monde entier [&hellip;]\" \/>\n<meta property=\"og:url\" content=\"https:\/\/mediterraneanwear.com\/fr\/2023\/04\/22\/mediterranean-wear-lance-une-samarreta-dediee-a-lloret-de-mar-et-a-ses-artistes-locaux\/\" \/>\n<meta property=\"og:site_name\" content=\"Mediterranean Wear\" \/>\n<meta property=\"article:publisher\" content=\"https:\/\/www.facebook.com\/mediterraneanwear\/\" \/>\n<meta property=\"article:published_time\" content=\"2023-04-22T12:43:00+00:00\" \/>\n<meta property=\"article:modified_time\" content=\"2025-04-08T10:37:06+00:00\" \/>\n<meta property=\"og:image\" content=\"https:\/\/mediterraneanwear.com\/wp-content\/uploads\/2025\/01\/lg-b-blogmw_santroma.jpg\" \/>\n\t<meta property=\"og:image:width\" content=\"1200\" \/>\n\t<meta property=\"og:image:height\" content=\"843\" \/>\n\t<meta property=\"og:image:type\" content=\"image\/jpeg\" \/>\n<meta name=\"author\" content=\"admin\" \/>\n<meta name=\"twitter:card\" content=\"summary_large_image\" \/>\n<meta name=\"twitter:label1\" content=\"\u00c9crit par\" \/>\n\t<meta name=\"twitter:data1\" content=\"admin\" \/>\n\t<meta name=\"twitter:label2\" content=\"Dur\u00e9e de lecture estim\u00e9e\" \/>\n\t<meta name=\"twitter:data2\" content=\"1 minute\" \/>\n<script type=\"application\/ld+json\" class=\"yoast-schema-graph\">{\"@context\":\"https:\\\/\\\/schema.org\",\"@graph\":[{\"@type\":\"Article\",\"@id\":\"https:\\\/\\\/mediterraneanwear.com\\\/fr\\\/2023\\\/04\\\/22\\\/mediterranean-wear-lance-une-samarreta-dediee-a-lloret-de-mar-et-a-ses-artistes-locaux\\\/#article\",\"isPartOf\":{\"@id\":\"https:\\\/\\\/mediterraneanwear.com\\\/fr\\\/2023\\\/04\\\/22\\\/mediterranean-wear-lance-une-samarreta-dediee-a-lloret-de-mar-et-a-ses-artistes-locaux\\\/\"},\"author\":{\"name\":\"admin\",\"@id\":\"https:\\\/\\\/mediterraneanwear.com\\\/fr\\\/#\\\/schema\\\/person\\\/2d988e31b8baa70bb16aa34563bd93f3\"},\"headline\":\"Mediterranean Wear sort un t-shirt d\u00e9di\u00e9 \u00e0 Lloret de Mar et \u00e0 ses artistes locaux\",\"datePublished\":\"2023-04-22T12:43:00+00:00\",\"dateModified\":\"2025-04-08T10:37:06+00:00\",\"mainEntityOfPage\":{\"@id\":\"https:\\\/\\\/mediterraneanwear.com\\\/fr\\\/2023\\\/04\\\/22\\\/mediterranean-wear-lance-une-samarreta-dediee-a-lloret-de-mar-et-a-ses-artistes-locaux\\\/\"},\"wordCount\":312,\"publisher\":{\"@id\":\"https:\\\/\\\/mediterraneanwear.com\\\/fr\\\/#organization\"},\"image\":{\"@id\":\"https:\\\/\\\/mediterraneanwear.com\\\/fr\\\/2023\\\/04\\\/22\\\/mediterranean-wear-lance-une-samarreta-dediee-a-lloret-de-mar-et-a-ses-artistes-locaux\\\/#primaryimage\"},\"thumbnailUrl\":\"https:\\\/\\\/mediterraneanwear.com\\\/wp-content\\\/uploads\\\/2025\\\/01\\\/lg-b-blogmw_santroma.jpg\",\"articleSection\":[\"bloguer\"],\"inLanguage\":\"fr-FR\"},{\"@type\":\"WebPage\",\"@id\":\"https:\\\/\\\/mediterraneanwear.com\\\/fr\\\/2023\\\/04\\\/22\\\/mediterranean-wear-lance-une-samarreta-dediee-a-lloret-de-mar-et-a-ses-artistes-locaux\\\/\",\"url\":\"https:\\\/\\\/mediterraneanwear.com\\\/fr\\\/2023\\\/04\\\/22\\\/mediterranean-wear-lance-une-samarreta-dediee-a-lloret-de-mar-et-a-ses-artistes-locaux\\\/\",\"name\":\"Mediterranean Wear sort un t-shirt d\u00e9di\u00e9 \u00e0 Lloret de Mar et \u00e0 ses artistes locaux - Mediterranean Wear\",\"isPartOf\":{\"@id\":\"https:\\\/\\\/mediterraneanwear.com\\\/fr\\\/#website\"},\"primaryImageOfPage\":{\"@id\":\"https:\\\/\\\/mediterraneanwear.com\\\/fr\\\/2023\\\/04\\\/22\\\/mediterranean-wear-lance-une-samarreta-dediee-a-lloret-de-mar-et-a-ses-artistes-locaux\\\/#primaryimage\"},\"image\":{\"@id\":\"https:\\\/\\\/mediterraneanwear.com\\\/fr\\\/2023\\\/04\\\/22\\\/mediterranean-wear-lance-une-samarreta-dediee-a-lloret-de-mar-et-a-ses-artistes-locaux\\\/#primaryimage\"},\"thumbnailUrl\":\"https:\\\/\\\/mediterraneanwear.com\\\/wp-content\\\/uploads\\\/2025\\\/01\\\/lg-b-blogmw_santroma.jpg\",\"datePublished\":\"2023-04-22T12:43:00+00:00\",\"dateModified\":\"2025-04-08T10:37:06+00:00\",\"breadcrumb\":{\"@id\":\"https:\\\/\\\/mediterraneanwear.com\\\/fr\\\/2023\\\/04\\\/22\\\/mediterranean-wear-lance-une-samarreta-dediee-a-lloret-de-mar-et-a-ses-artistes-locaux\\\/#breadcrumb\"},\"inLanguage\":\"fr-FR\",\"potentialAction\":[{\"@type\":\"ReadAction\",\"target\":[\"https:\\\/\\\/mediterraneanwear.com\\\/fr\\\/2023\\\/04\\\/22\\\/mediterranean-wear-lance-une-samarreta-dediee-a-lloret-de-mar-et-a-ses-artistes-locaux\\\/\"]}]},{\"@type\":\"ImageObject\",\"inLanguage\":\"fr-FR\",\"@id\":\"https:\\\/\\\/mediterraneanwear.com\\\/fr\\\/2023\\\/04\\\/22\\\/mediterranean-wear-lance-une-samarreta-dediee-a-lloret-de-mar-et-a-ses-artistes-locaux\\\/#primaryimage\",\"url\":\"https:\\\/\\\/mediterraneanwear.com\\\/wp-content\\\/uploads\\\/2025\\\/01\\\/lg-b-blogmw_santroma.jpg\",\"contentUrl\":\"https:\\\/\\\/mediterraneanwear.com\\\/wp-content\\\/uploads\\\/2025\\\/01\\\/lg-b-blogmw_santroma.jpg\",\"width\":1200,\"height\":843},{\"@type\":\"BreadcrumbList\",\"@id\":\"https:\\\/\\\/mediterraneanwear.com\\\/fr\\\/2023\\\/04\\\/22\\\/mediterranean-wear-lance-une-samarreta-dediee-a-lloret-de-mar-et-a-ses-artistes-locaux\\\/#breadcrumb\",\"itemListElement\":[{\"@type\":\"ListItem\",\"position\":1,\"name\":\"Portada\",\"item\":\"https:\\\/\\\/mediterraneanwear.com\\\/fr\\\/\"},{\"@type\":\"ListItem\",\"position\":2,\"name\":\"Mediterranean Wear sort un t-shirt d\u00e9di\u00e9 \u00e0 Lloret de Mar et \u00e0 ses artistes locaux\"}]},{\"@type\":\"WebSite\",\"@id\":\"https:\\\/\\\/mediterraneanwear.com\\\/fr\\\/#website\",\"url\":\"https:\\\/\\\/mediterraneanwear.com\\\/fr\\\/\",\"name\":\"Mediterranean Wear\",\"description\":\"Mediterranean Wear\",\"publisher\":{\"@id\":\"https:\\\/\\\/mediterraneanwear.com\\\/fr\\\/#organization\"},\"potentialAction\":[{\"@type\":\"SearchAction\",\"target\":{\"@type\":\"EntryPoint\",\"urlTemplate\":\"https:\\\/\\\/mediterraneanwear.com\\\/fr\\\/?s={search_term_string}\"},\"query-input\":{\"@type\":\"PropertyValueSpecification\",\"valueRequired\":true,\"valueName\":\"search_term_string\"}}],\"inLanguage\":\"fr-FR\"},{\"@type\":\"Organization\",\"@id\":\"https:\\\/\\\/mediterraneanwear.com\\\/fr\\\/#organization\",\"name\":\"Mediterranean Wear\",\"url\":\"https:\\\/\\\/mediterraneanwear.com\\\/fr\\\/\",\"logo\":{\"@type\":\"ImageObject\",\"inLanguage\":\"fr-FR\",\"@id\":\"https:\\\/\\\/mediterraneanwear.com\\\/fr\\\/#\\\/schema\\\/logo\\\/image\\\/\",\"url\":\"https:\\\/\\\/mediterraneanwear.com\\\/wp-content\\\/uploads\\\/2025\\\/05\\\/LOGO-MediterraneanWear_2.png\",\"contentUrl\":\"https:\\\/\\\/mediterraneanwear.com\\\/wp-content\\\/uploads\\\/2025\\\/05\\\/LOGO-MediterraneanWear_2.png\",\"width\":566,\"height\":81,\"caption\":\"Mediterranean Wear\"},\"image\":{\"@id\":\"https:\\\/\\\/mediterraneanwear.com\\\/fr\\\/#\\\/schema\\\/logo\\\/image\\\/\"},\"sameAs\":[\"https:\\\/\\\/www.facebook.com\\\/mediterraneanwear\\\/\",\"https:\\\/\\\/www.instagram.com\\\/mediterraneanwear\\\/\"]},{\"@type\":\"Person\",\"@id\":\"https:\\\/\\\/mediterraneanwear.com\\\/fr\\\/#\\\/schema\\\/person\\\/2d988e31b8baa70bb16aa34563bd93f3\",\"name\":\"admin\",\"image\":{\"@type\":\"ImageObject\",\"inLanguage\":\"fr-FR\",\"@id\":\"https:\\\/\\\/mediterraneanwear.com\\\/wp-content\\\/litespeed\\\/avatar\\\/816610b7aa3b64415d6ea463cabdeff8.jpg?ver=1777289956\",\"url\":\"https:\\\/\\\/mediterraneanwear.com\\\/wp-content\\\/litespeed\\\/avatar\\\/816610b7aa3b64415d6ea463cabdeff8.jpg?ver=1777289956\",\"contentUrl\":\"https:\\\/\\\/mediterraneanwear.com\\\/wp-content\\\/litespeed\\\/avatar\\\/816610b7aa3b64415d6ea463cabdeff8.jpg?ver=1777289956\",\"caption\":\"admin\"},\"sameAs\":[\"https:\\\/\\\/mediterraneanwear.com\"],\"url\":\"https:\\\/\\\/mediterraneanwear.com\\\/fr\\\/author\\\/admin\\\/\"}]}<\/script>\n<!-- \/ Yoast SEO plugin. -->","yoast_head_json":{"title":"Mediterranean Wear sort un t-shirt d\u00e9di\u00e9 \u00e0 Lloret de Mar et \u00e0 ses artistes locaux - Mediterranean Wear","robots":{"index":"index","follow":"follow","max-snippet":"max-snippet:-1","max-image-preview":"max-image-preview:large","max-video-preview":"max-video-preview:-1"},"canonical":"https:\/\/mediterraneanwear.com\/fr\/2023\/04\/22\/mediterranean-wear-lance-une-samarreta-dediee-a-lloret-de-mar-et-a-ses-artistes-locaux\/","og_locale":"fr_FR","og_type":"article","og_title":"Mediterranean Wear sort un t-shirt d\u00e9di\u00e9 \u00e0 Lloret de Mar et \u00e0 ses artistes locaux - Mediterranean Wear","og_description":"\u00b7 Il s&rsquo;agit d&rsquo;une \u00e9dition limit\u00e9e \u00e0 99 unit\u00e9s qui sera vendue jusqu&rsquo;\u00e0 \u00e9puisement des stocks \u00b7 L&rsquo;impression est r\u00e9alis\u00e9e par l&rsquo;artiste local Juan Velasco de l&rsquo;association des dessinateurs de Lloret de Mar. La marque de v\u00eatements Mediterranean Wear (www.mediterraneanwear.com), bas\u00e9e \u00e0 Lloret, cr\u00e9\u00e9e par la c\u00e9l\u00e8bre boutique d&rsquo;Esther Clemente, souhaite montrer au monde entier [&hellip;]","og_url":"https:\/\/mediterraneanwear.com\/fr\/2023\/04\/22\/mediterranean-wear-lance-une-samarreta-dediee-a-lloret-de-mar-et-a-ses-artistes-locaux\/","og_site_name":"Mediterranean Wear","article_publisher":"https:\/\/www.facebook.com\/mediterraneanwear\/","article_published_time":"2023-04-22T12:43:00+00:00","article_modified_time":"2025-04-08T10:37:06+00:00","og_image":[{"width":1200,"height":843,"url":"https:\/\/mediterraneanwear.com\/wp-content\/uploads\/2025\/01\/lg-b-blogmw_santroma.jpg","type":"image\/jpeg"}],"author":"admin","twitter_card":"summary_large_image","twitter_misc":{"\u00c9crit par":"admin","Dur\u00e9e de lecture estim\u00e9e":"1 minute"},"schema":{"@context":"https:\/\/schema.org","@graph":[{"@type":"Article","@id":"https:\/\/mediterraneanwear.com\/fr\/2023\/04\/22\/mediterranean-wear-lance-une-samarreta-dediee-a-lloret-de-mar-et-a-ses-artistes-locaux\/#article","isPartOf":{"@id":"https:\/\/mediterraneanwear.com\/fr\/2023\/04\/22\/mediterranean-wear-lance-une-samarreta-dediee-a-lloret-de-mar-et-a-ses-artistes-locaux\/"},"author":{"name":"admin","@id":"https:\/\/mediterraneanwear.com\/fr\/#\/schema\/person\/2d988e31b8baa70bb16aa34563bd93f3"},"headline":"Mediterranean Wear sort un t-shirt d\u00e9di\u00e9 \u00e0 Lloret de Mar et \u00e0 ses artistes locaux","datePublished":"2023-04-22T12:43:00+00:00","dateModified":"2025-04-08T10:37:06+00:00","mainEntityOfPage":{"@id":"https:\/\/mediterraneanwear.com\/fr\/2023\/04\/22\/mediterranean-wear-lance-une-samarreta-dediee-a-lloret-de-mar-et-a-ses-artistes-locaux\/"},"wordCount":312,"publisher":{"@id":"https:\/\/mediterraneanwear.com\/fr\/#organization"},"image":{"@id":"https:\/\/mediterraneanwear.com\/fr\/2023\/04\/22\/mediterranean-wear-lance-une-samarreta-dediee-a-lloret-de-mar-et-a-ses-artistes-locaux\/#primaryimage"},"thumbnailUrl":"https:\/\/mediterraneanwear.com\/wp-content\/uploads\/2025\/01\/lg-b-blogmw_santroma.jpg","articleSection":["bloguer"],"inLanguage":"fr-FR"},{"@type":"WebPage","@id":"https:\/\/mediterraneanwear.com\/fr\/2023\/04\/22\/mediterranean-wear-lance-une-samarreta-dediee-a-lloret-de-mar-et-a-ses-artistes-locaux\/","url":"https:\/\/mediterraneanwear.com\/fr\/2023\/04\/22\/mediterranean-wear-lance-une-samarreta-dediee-a-lloret-de-mar-et-a-ses-artistes-locaux\/","name":"Mediterranean Wear sort un t-shirt d\u00e9di\u00e9 \u00e0 Lloret de Mar et \u00e0 ses artistes locaux - Mediterranean Wear","isPartOf":{"@id":"https:\/\/mediterraneanwear.com\/fr\/#website"},"primaryImageOfPage":{"@id":"https:\/\/mediterraneanwear.com\/fr\/2023\/04\/22\/mediterranean-wear-lance-une-samarreta-dediee-a-lloret-de-mar-et-a-ses-artistes-locaux\/#primaryimage"},"image":{"@id":"https:\/\/mediterraneanwear.com\/fr\/2023\/04\/22\/mediterranean-wear-lance-une-samarreta-dediee-a-lloret-de-mar-et-a-ses-artistes-locaux\/#primaryimage"},"thumbnailUrl":"https:\/\/mediterraneanwear.com\/wp-content\/uploads\/2025\/01\/lg-b-blogmw_santroma.jpg","datePublished":"2023-04-22T12:43:00+00:00","dateModified":"2025-04-08T10:37:06+00:00","breadcrumb":{"@id":"https:\/\/mediterraneanwear.com\/fr\/2023\/04\/22\/mediterranean-wear-lance-une-samarreta-dediee-a-lloret-de-mar-et-a-ses-artistes-locaux\/#breadcrumb"},"inLanguage":"fr-FR","potentialAction":[{"@type":"ReadAction","target":["https:\/\/mediterraneanwear.com\/fr\/2023\/04\/22\/mediterranean-wear-lance-une-samarreta-dediee-a-lloret-de-mar-et-a-ses-artistes-locaux\/"]}]},{"@type":"ImageObject","inLanguage":"fr-FR","@id":"https:\/\/mediterraneanwear.com\/fr\/2023\/04\/22\/mediterranean-wear-lance-une-samarreta-dediee-a-lloret-de-mar-et-a-ses-artistes-locaux\/#primaryimage","url":"https:\/\/mediterraneanwear.com\/wp-content\/uploads\/2025\/01\/lg-b-blogmw_santroma.jpg","contentUrl":"https:\/\/mediterraneanwear.com\/wp-content\/uploads\/2025\/01\/lg-b-blogmw_santroma.jpg","width":1200,"height":843},{"@type":"BreadcrumbList","@id":"https:\/\/mediterraneanwear.com\/fr\/2023\/04\/22\/mediterranean-wear-lance-une-samarreta-dediee-a-lloret-de-mar-et-a-ses-artistes-locaux\/#breadcrumb","itemListElement":[{"@type":"ListItem","position":1,"name":"Portada","item":"https:\/\/mediterraneanwear.com\/fr\/"},{"@type":"ListItem","position":2,"name":"Mediterranean Wear sort un t-shirt d\u00e9di\u00e9 \u00e0 Lloret de Mar et \u00e0 ses artistes locaux"}]},{"@type":"WebSite","@id":"https:\/\/mediterraneanwear.com\/fr\/#website","url":"https:\/\/mediterraneanwear.com\/fr\/","name":"Mediterranean Wear","description":"Mediterranean Wear","publisher":{"@id":"https:\/\/mediterraneanwear.com\/fr\/#organization"},"potentialAction":[{"@type":"SearchAction","target":{"@type":"EntryPoint","urlTemplate":"https:\/\/mediterraneanwear.com\/fr\/?s={search_term_string}"},"query-input":{"@type":"PropertyValueSpecification","valueRequired":true,"valueName":"search_term_string"}}],"inLanguage":"fr-FR"},{"@type":"Organization","@id":"https:\/\/mediterraneanwear.com\/fr\/#organization","name":"Mediterranean Wear","url":"https:\/\/mediterraneanwear.com\/fr\/","logo":{"@type":"ImageObject","inLanguage":"fr-FR","@id":"https:\/\/mediterraneanwear.com\/fr\/#\/schema\/logo\/image\/","url":"https:\/\/mediterraneanwear.com\/wp-content\/uploads\/2025\/05\/LOGO-MediterraneanWear_2.png","contentUrl":"https:\/\/mediterraneanwear.com\/wp-content\/uploads\/2025\/05\/LOGO-MediterraneanWear_2.png","width":566,"height":81,"caption":"Mediterranean Wear"},"image":{"@id":"https:\/\/mediterraneanwear.com\/fr\/#\/schema\/logo\/image\/"},"sameAs":["https:\/\/www.facebook.com\/mediterraneanwear\/","https:\/\/www.instagram.com\/mediterraneanwear\/"]},{"@type":"Person","@id":"https:\/\/mediterraneanwear.com\/fr\/#\/schema\/person\/2d988e31b8baa70bb16aa34563bd93f3","name":"admin","image":{"@type":"ImageObject","inLanguage":"fr-FR","@id":"https:\/\/mediterraneanwear.com\/wp-content\/litespeed\/avatar\/816610b7aa3b64415d6ea463cabdeff8.jpg?ver=1777289956","url":"https:\/\/mediterraneanwear.com\/wp-content\/litespeed\/avatar\/816610b7aa3b64415d6ea463cabdeff8.jpg?ver=1777289956","contentUrl":"https:\/\/mediterraneanwear.com\/wp-content\/litespeed\/avatar\/816610b7aa3b64415d6ea463cabdeff8.jpg?ver=1777289956","caption":"admin"},"sameAs":["https:\/\/mediterraneanwear.com"],"url":"https:\/\/mediterraneanwear.com\/fr\/author\/admin\/"}]}},"_links":{"self":[{"href":"https:\/\/mediterraneanwear.com\/fr\/wp-json\/wp\/v2\/posts\/6526","targetHints":{"allow":["GET"]}}],"collection":[{"href":"https:\/\/mediterraneanwear.com\/fr\/wp-json\/wp\/v2\/posts"}],"about":[{"href":"https:\/\/mediterraneanwear.com\/fr\/wp-json\/wp\/v2\/types\/post"}],"author":[{"embeddable":true,"href":"https:\/\/mediterraneanwear.com\/fr\/wp-json\/wp\/v2\/users\/1"}],"replies":[{"embeddable":true,"href":"https:\/\/mediterraneanwear.com\/fr\/wp-json\/wp\/v2\/comments?post=6526"}],"version-history":[{"count":0,"href":"https:\/\/mediterraneanwear.com\/fr\/wp-json\/wp\/v2\/posts\/6526\/revisions"}],"wp:featuredmedia":[{"embeddable":true,"href":"https:\/\/mediterraneanwear.com\/fr\/wp-json\/wp\/v2\/media\/6527"}],"wp:attachment":[{"href":"https:\/\/mediterraneanwear.com\/fr\/wp-json\/wp\/v2\/media?parent=6526"}],"wp:term":[{"taxonomy":"category","embeddable":true,"href":"https:\/\/mediterraneanwear.com\/fr\/wp-json\/wp\/v2\/categories?post=6526"},{"taxonomy":"post_tag","embeddable":true,"href":"https:\/\/mediterraneanwear.com\/fr\/wp-json\/wp\/v2\/tags?post=6526"}],"curies":[{"name":"wp","href":"https:\/\/api.w.org\/{rel}","templated":true}]}}