{"id":6534,"date":"2024-05-13T13:09:41","date_gmt":"2024-05-13T12:09:41","guid":{"rendered":"https:\/\/mediterraneanwear.com\/2024\/05\/13\/presentez-la-nouvelle-samarreta-dediee-a-santa-cristina-i-lloret-de-mar-edition-limitee-2024\/"},"modified":"2025-04-08T11:43:38","modified_gmt":"2025-04-08T10:43:38","slug":"presentez-la-nouvelle-samarreta-dediee-a-santa-cristina-i-lloret-de-mar-edition-limitee-2024","status":"publish","type":"post","link":"https:\/\/mediterraneanwear.com\/fr\/2024\/05\/13\/presentez-la-nouvelle-samarreta-dediee-a-santa-cristina-i-lloret-de-mar-edition-limitee-2024\/","title":{"rendered":"Pr\u00e9sentation du nouveau t-shirt d\u00e9di\u00e9 \u00e0 Santa Cristina et Lloret de Mar. \u00c9dition limit\u00e9e 2024"},"content":{"rendered":"\n<figure class=\"wp-block-image size-large\"><img decoding=\"async\" width=\"1024\" height=\"719\" src=\"https:\/\/mediterraneanwear.com\/wp-content\/uploads\/2025\/01\/lg-b-blo_samarreta_2024-1-1024x719.jpg\" alt=\"\" class=\"wp-image-1913\" srcset=\"https:\/\/mediterraneanwear.com\/wp-content\/uploads\/2025\/01\/lg-b-blo_samarreta_2024-1-1024x719.jpg 1024w, https:\/\/mediterraneanwear.com\/wp-content\/uploads\/2025\/01\/lg-b-blo_samarreta_2024-1-300x211.jpg 300w, https:\/\/mediterraneanwear.com\/wp-content\/uploads\/2025\/01\/lg-b-blo_samarreta_2024-1-768x540.jpg 768w, https:\/\/mediterraneanwear.com\/wp-content\/uploads\/2025\/01\/lg-b-blo_samarreta_2024-1-900x632.jpg 900w, https:\/\/mediterraneanwear.com\/wp-content\/uploads\/2025\/01\/lg-b-blo_samarreta_2024-1.jpg 1200w\" sizes=\"(max-width: 1024px) 100vw, 1024px\" \/><\/figure>\n\n<p>Apr\u00e8s le succ\u00e8s de l&rsquo;ann\u00e9e derni\u00e8re, Mediterranean Wear (www.mediterraneanwear.com) a de nouveau cr\u00e9\u00e9 un t-shirt inspir\u00e9 du patrimoine et des traditions de notre ville, Lloret de Mar, o\u00f9 vous trouverez la c\u00e9l\u00e8bre boutique d&rsquo;Esther Clemente.<\/p>\n\n<p>Il s&rsquo;agit d&rsquo;une \u00e9dition limit\u00e9e \u00e0 99 unit\u00e9s, qui sera vendue jusqu&rsquo;\u00e0 \u00e9puisement des stocks. Cette ann\u00e9e, il pr\u00e9sente une estampe de l&rsquo;artiste locale Rosa Haba de l&rsquo;Association des dessinateurs de Lloret de Mar.<\/p>\n\n<p>En guise de nouveaut\u00e9, dans cette \u00e9dition, nous avons r\u00e9alis\u00e9 le m\u00eame design dans deux mod\u00e8les diff\u00e9rents. Le mod\u00e8le unisexe en vert kaki et le mod\u00e8le fille en couleur naturelle. <\/p>\n\n<p>Ce t-shirt est produit par la marque de v\u00eatements Sargantana, l&rsquo;une des marques phares avec lesquelles Mediterranean Wear travaille depuis plusieurs ann\u00e9es et est \u00e0 la mode parmi de nombreux secteurs de la population c\u00f4ti\u00e8re.<\/p>\n\n<p>Cette initiative, qui a pour double objectif de mettre en valeur le meilleur de notre ville et de soutenir et promouvoir les artistes locaux, vise \u00e0 se poursuivre ann\u00e9e apr\u00e8s ann\u00e9e.<\/p>\n\n<p>A partir d&rsquo;aujourd&rsquo;hui vous pouvez retrouver votre t-shirt chez :<\/p>\n\n<p><a href=\"https:\/\/www.google.com\/maps\/search\/C%2F+Narcis+Fors,+9+17310+Lloret+de+Mar?entry=gmail&amp;source=g\">C\/ Narcis Fors, 9 17310 Lloret de Mar<\/a><\/p>\n\n<p><a href=\"http:\/\/www.mediterraneanwear.com\/\">www.mediterraneanwear.com<\/a><\/p>\n","protected":false},"excerpt":{"rendered":"<p>Apr\u00e8s le succ\u00e8s de l&rsquo;ann\u00e9e derni\u00e8re, Mediterranean Wear (www.mediterraneanwear.com) a de nouveau cr\u00e9\u00e9 un t-shirt inspir\u00e9 du patrimoine et des traditions de notre ville, Lloret de Mar, o\u00f9 vous trouverez la c\u00e9l\u00e8bre boutique d&rsquo;Esther Clemente. Il s&rsquo;agit d&rsquo;une \u00e9dition limit\u00e9e \u00e0 99 unit\u00e9s, qui sera vendue jusqu&rsquo;\u00e0 \u00e9puisement des stocks. Cette ann\u00e9e, il pr\u00e9sente une [&hellip;]<\/p>\n","protected":false},"author":1,"featured_media":6535,"comment_status":"closed","ping_status":"closed","sticky":false,"template":"","format":"standard","meta":{"footnotes":""},"categories":[400],"tags":[],"class_list":["post-6534","post","type-post","status-publish","format-standard","has-post-thumbnail","hentry","category-bloguer"],"blocksy_meta":[],"yoast_head":"<!-- This site is optimized with the Yoast SEO plugin v27.5 - https:\/\/yoast.com\/product\/yoast-seo-wordpress\/ -->\n<title>Pr\u00e9sentation du nouveau t-shirt d\u00e9di\u00e9 \u00e0 Santa Cristina et Lloret de Mar. \u00c9dition limit\u00e9e 2024 - Mediterranean Wear<\/title>\n<meta name=\"robots\" content=\"index, follow, max-snippet:-1, max-image-preview:large, max-video-preview:-1\" \/>\n<link rel=\"canonical\" href=\"https:\/\/mediterraneanwear.com\/fr\/2024\/05\/13\/presentez-la-nouvelle-samarreta-dediee-a-santa-cristina-i-lloret-de-mar-edition-limitee-2024\/\" \/>\n<meta property=\"og:locale\" content=\"fr_FR\" \/>\n<meta property=\"og:type\" content=\"article\" \/>\n<meta property=\"og:title\" content=\"Pr\u00e9sentation du nouveau t-shirt d\u00e9di\u00e9 \u00e0 Santa Cristina et Lloret de Mar. \u00c9dition limit\u00e9e 2024 - Mediterranean Wear\" \/>\n<meta property=\"og:description\" content=\"Apr\u00e8s le succ\u00e8s de l&rsquo;ann\u00e9e derni\u00e8re, Mediterranean Wear (www.mediterraneanwear.com) a de nouveau cr\u00e9\u00e9 un t-shirt inspir\u00e9 du patrimoine et des traditions de notre ville, Lloret de Mar, o\u00f9 vous trouverez la c\u00e9l\u00e8bre boutique d&rsquo;Esther Clemente. Il s&rsquo;agit d&rsquo;une \u00e9dition limit\u00e9e \u00e0 99 unit\u00e9s, qui sera vendue jusqu&rsquo;\u00e0 \u00e9puisement des stocks. Cette ann\u00e9e, il pr\u00e9sente une [&hellip;]\" \/>\n<meta property=\"og:url\" content=\"https:\/\/mediterraneanwear.com\/fr\/2024\/05\/13\/presentez-la-nouvelle-samarreta-dediee-a-santa-cristina-i-lloret-de-mar-edition-limitee-2024\/\" \/>\n<meta property=\"og:site_name\" content=\"Mediterranean Wear\" \/>\n<meta property=\"article:publisher\" content=\"https:\/\/www.facebook.com\/mediterraneanwear\/\" \/>\n<meta property=\"article:published_time\" content=\"2024-05-13T12:09:41+00:00\" \/>\n<meta property=\"article:modified_time\" content=\"2025-04-08T10:43:38+00:00\" \/>\n<meta property=\"og:image\" content=\"https:\/\/mediterraneanwear.com\/wp-content\/uploads\/2025\/01\/lg-b-blo_samarreta_2024.jpg\" \/>\n\t<meta property=\"og:image:width\" content=\"1200\" \/>\n\t<meta property=\"og:image:height\" content=\"843\" \/>\n\t<meta property=\"og:image:type\" content=\"image\/jpeg\" \/>\n<meta name=\"author\" content=\"admin\" \/>\n<meta name=\"twitter:card\" content=\"summary_large_image\" \/>\n<meta name=\"twitter:label1\" content=\"\u00c9crit par\" \/>\n\t<meta name=\"twitter:data1\" content=\"admin\" \/>\n\t<meta name=\"twitter:label2\" content=\"Dur\u00e9e de lecture estim\u00e9e\" \/>\n\t<meta name=\"twitter:data2\" content=\"1 minute\" \/>\n<script type=\"application\/ld+json\" class=\"yoast-schema-graph\">{\"@context\":\"https:\\\/\\\/schema.org\",\"@graph\":[{\"@type\":\"Article\",\"@id\":\"https:\\\/\\\/mediterraneanwear.com\\\/fr\\\/2024\\\/05\\\/13\\\/presentez-la-nouvelle-samarreta-dediee-a-santa-cristina-i-lloret-de-mar-edition-limitee-2024\\\/#article\",\"isPartOf\":{\"@id\":\"https:\\\/\\\/mediterraneanwear.com\\\/fr\\\/2024\\\/05\\\/13\\\/presentez-la-nouvelle-samarreta-dediee-a-santa-cristina-i-lloret-de-mar-edition-limitee-2024\\\/\"},\"author\":{\"name\":\"admin\",\"@id\":\"https:\\\/\\\/mediterraneanwear.com\\\/fr\\\/#\\\/schema\\\/person\\\/2d988e31b8baa70bb16aa34563bd93f3\"},\"headline\":\"Pr\u00e9sentation du nouveau t-shirt d\u00e9di\u00e9 \u00e0 Santa Cristina et Lloret de Mar. \u00c9dition limit\u00e9e 2024\",\"datePublished\":\"2024-05-13T12:09:41+00:00\",\"dateModified\":\"2025-04-08T10:43:38+00:00\",\"mainEntityOfPage\":{\"@id\":\"https:\\\/\\\/mediterraneanwear.com\\\/fr\\\/2024\\\/05\\\/13\\\/presentez-la-nouvelle-samarreta-dediee-a-santa-cristina-i-lloret-de-mar-edition-limitee-2024\\\/\"},\"wordCount\":229,\"publisher\":{\"@id\":\"https:\\\/\\\/mediterraneanwear.com\\\/fr\\\/#organization\"},\"image\":{\"@id\":\"https:\\\/\\\/mediterraneanwear.com\\\/fr\\\/2024\\\/05\\\/13\\\/presentez-la-nouvelle-samarreta-dediee-a-santa-cristina-i-lloret-de-mar-edition-limitee-2024\\\/#primaryimage\"},\"thumbnailUrl\":\"https:\\\/\\\/mediterraneanwear.com\\\/wp-content\\\/uploads\\\/2025\\\/01\\\/lg-b-blo_samarreta_2024.jpg\",\"articleSection\":[\"bloguer\"],\"inLanguage\":\"fr-FR\"},{\"@type\":\"WebPage\",\"@id\":\"https:\\\/\\\/mediterraneanwear.com\\\/fr\\\/2024\\\/05\\\/13\\\/presentez-la-nouvelle-samarreta-dediee-a-santa-cristina-i-lloret-de-mar-edition-limitee-2024\\\/\",\"url\":\"https:\\\/\\\/mediterraneanwear.com\\\/fr\\\/2024\\\/05\\\/13\\\/presentez-la-nouvelle-samarreta-dediee-a-santa-cristina-i-lloret-de-mar-edition-limitee-2024\\\/\",\"name\":\"Pr\u00e9sentation du nouveau t-shirt d\u00e9di\u00e9 \u00e0 Santa Cristina et Lloret de Mar. \u00c9dition limit\u00e9e 2024 - Mediterranean Wear\",\"isPartOf\":{\"@id\":\"https:\\\/\\\/mediterraneanwear.com\\\/fr\\\/#website\"},\"primaryImageOfPage\":{\"@id\":\"https:\\\/\\\/mediterraneanwear.com\\\/fr\\\/2024\\\/05\\\/13\\\/presentez-la-nouvelle-samarreta-dediee-a-santa-cristina-i-lloret-de-mar-edition-limitee-2024\\\/#primaryimage\"},\"image\":{\"@id\":\"https:\\\/\\\/mediterraneanwear.com\\\/fr\\\/2024\\\/05\\\/13\\\/presentez-la-nouvelle-samarreta-dediee-a-santa-cristina-i-lloret-de-mar-edition-limitee-2024\\\/#primaryimage\"},\"thumbnailUrl\":\"https:\\\/\\\/mediterraneanwear.com\\\/wp-content\\\/uploads\\\/2025\\\/01\\\/lg-b-blo_samarreta_2024.jpg\",\"datePublished\":\"2024-05-13T12:09:41+00:00\",\"dateModified\":\"2025-04-08T10:43:38+00:00\",\"breadcrumb\":{\"@id\":\"https:\\\/\\\/mediterraneanwear.com\\\/fr\\\/2024\\\/05\\\/13\\\/presentez-la-nouvelle-samarreta-dediee-a-santa-cristina-i-lloret-de-mar-edition-limitee-2024\\\/#breadcrumb\"},\"inLanguage\":\"fr-FR\",\"potentialAction\":[{\"@type\":\"ReadAction\",\"target\":[\"https:\\\/\\\/mediterraneanwear.com\\\/fr\\\/2024\\\/05\\\/13\\\/presentez-la-nouvelle-samarreta-dediee-a-santa-cristina-i-lloret-de-mar-edition-limitee-2024\\\/\"]}]},{\"@type\":\"ImageObject\",\"inLanguage\":\"fr-FR\",\"@id\":\"https:\\\/\\\/mediterraneanwear.com\\\/fr\\\/2024\\\/05\\\/13\\\/presentez-la-nouvelle-samarreta-dediee-a-santa-cristina-i-lloret-de-mar-edition-limitee-2024\\\/#primaryimage\",\"url\":\"https:\\\/\\\/mediterraneanwear.com\\\/wp-content\\\/uploads\\\/2025\\\/01\\\/lg-b-blo_samarreta_2024.jpg\",\"contentUrl\":\"https:\\\/\\\/mediterraneanwear.com\\\/wp-content\\\/uploads\\\/2025\\\/01\\\/lg-b-blo_samarreta_2024.jpg\",\"width\":1200,\"height\":843},{\"@type\":\"BreadcrumbList\",\"@id\":\"https:\\\/\\\/mediterraneanwear.com\\\/fr\\\/2024\\\/05\\\/13\\\/presentez-la-nouvelle-samarreta-dediee-a-santa-cristina-i-lloret-de-mar-edition-limitee-2024\\\/#breadcrumb\",\"itemListElement\":[{\"@type\":\"ListItem\",\"position\":1,\"name\":\"Portada\",\"item\":\"https:\\\/\\\/mediterraneanwear.com\\\/fr\\\/\"},{\"@type\":\"ListItem\",\"position\":2,\"name\":\"Pr\u00e9sentation du nouveau t-shirt d\u00e9di\u00e9 \u00e0 Santa Cristina et Lloret de Mar. \u00c9dition limit\u00e9e 2024\"}]},{\"@type\":\"WebSite\",\"@id\":\"https:\\\/\\\/mediterraneanwear.com\\\/fr\\\/#website\",\"url\":\"https:\\\/\\\/mediterraneanwear.com\\\/fr\\\/\",\"name\":\"Mediterranean Wear\",\"description\":\"Mediterranean Wear\",\"publisher\":{\"@id\":\"https:\\\/\\\/mediterraneanwear.com\\\/fr\\\/#organization\"},\"potentialAction\":[{\"@type\":\"SearchAction\",\"target\":{\"@type\":\"EntryPoint\",\"urlTemplate\":\"https:\\\/\\\/mediterraneanwear.com\\\/fr\\\/?s={search_term_string}\"},\"query-input\":{\"@type\":\"PropertyValueSpecification\",\"valueRequired\":true,\"valueName\":\"search_term_string\"}}],\"inLanguage\":\"fr-FR\"},{\"@type\":\"Organization\",\"@id\":\"https:\\\/\\\/mediterraneanwear.com\\\/fr\\\/#organization\",\"name\":\"Mediterranean Wear\",\"url\":\"https:\\\/\\\/mediterraneanwear.com\\\/fr\\\/\",\"logo\":{\"@type\":\"ImageObject\",\"inLanguage\":\"fr-FR\",\"@id\":\"https:\\\/\\\/mediterraneanwear.com\\\/fr\\\/#\\\/schema\\\/logo\\\/image\\\/\",\"url\":\"https:\\\/\\\/mediterraneanwear.com\\\/wp-content\\\/uploads\\\/2025\\\/05\\\/LOGO-MediterraneanWear_2.png\",\"contentUrl\":\"https:\\\/\\\/mediterraneanwear.com\\\/wp-content\\\/uploads\\\/2025\\\/05\\\/LOGO-MediterraneanWear_2.png\",\"width\":566,\"height\":81,\"caption\":\"Mediterranean Wear\"},\"image\":{\"@id\":\"https:\\\/\\\/mediterraneanwear.com\\\/fr\\\/#\\\/schema\\\/logo\\\/image\\\/\"},\"sameAs\":[\"https:\\\/\\\/www.facebook.com\\\/mediterraneanwear\\\/\",\"https:\\\/\\\/www.instagram.com\\\/mediterraneanwear\\\/\"]},{\"@type\":\"Person\",\"@id\":\"https:\\\/\\\/mediterraneanwear.com\\\/fr\\\/#\\\/schema\\\/person\\\/2d988e31b8baa70bb16aa34563bd93f3\",\"name\":\"admin\",\"image\":{\"@type\":\"ImageObject\",\"inLanguage\":\"fr-FR\",\"@id\":\"https:\\\/\\\/mediterraneanwear.com\\\/wp-content\\\/litespeed\\\/avatar\\\/816610b7aa3b64415d6ea463cabdeff8.jpg?ver=1777289956\",\"url\":\"https:\\\/\\\/mediterraneanwear.com\\\/wp-content\\\/litespeed\\\/avatar\\\/816610b7aa3b64415d6ea463cabdeff8.jpg?ver=1777289956\",\"contentUrl\":\"https:\\\/\\\/mediterraneanwear.com\\\/wp-content\\\/litespeed\\\/avatar\\\/816610b7aa3b64415d6ea463cabdeff8.jpg?ver=1777289956\",\"caption\":\"admin\"},\"sameAs\":[\"https:\\\/\\\/mediterraneanwear.com\"],\"url\":\"https:\\\/\\\/mediterraneanwear.com\\\/fr\\\/author\\\/admin\\\/\"}]}<\/script>\n<!-- \/ Yoast SEO plugin. -->","yoast_head_json":{"title":"Pr\u00e9sentation du nouveau t-shirt d\u00e9di\u00e9 \u00e0 Santa Cristina et Lloret de Mar. \u00c9dition limit\u00e9e 2024 - Mediterranean Wear","robots":{"index":"index","follow":"follow","max-snippet":"max-snippet:-1","max-image-preview":"max-image-preview:large","max-video-preview":"max-video-preview:-1"},"canonical":"https:\/\/mediterraneanwear.com\/fr\/2024\/05\/13\/presentez-la-nouvelle-samarreta-dediee-a-santa-cristina-i-lloret-de-mar-edition-limitee-2024\/","og_locale":"fr_FR","og_type":"article","og_title":"Pr\u00e9sentation du nouveau t-shirt d\u00e9di\u00e9 \u00e0 Santa Cristina et Lloret de Mar. \u00c9dition limit\u00e9e 2024 - Mediterranean Wear","og_description":"Apr\u00e8s le succ\u00e8s de l&rsquo;ann\u00e9e derni\u00e8re, Mediterranean Wear (www.mediterraneanwear.com) a de nouveau cr\u00e9\u00e9 un t-shirt inspir\u00e9 du patrimoine et des traditions de notre ville, Lloret de Mar, o\u00f9 vous trouverez la c\u00e9l\u00e8bre boutique d&rsquo;Esther Clemente. Il s&rsquo;agit d&rsquo;une \u00e9dition limit\u00e9e \u00e0 99 unit\u00e9s, qui sera vendue jusqu&rsquo;\u00e0 \u00e9puisement des stocks. Cette ann\u00e9e, il pr\u00e9sente une [&hellip;]","og_url":"https:\/\/mediterraneanwear.com\/fr\/2024\/05\/13\/presentez-la-nouvelle-samarreta-dediee-a-santa-cristina-i-lloret-de-mar-edition-limitee-2024\/","og_site_name":"Mediterranean Wear","article_publisher":"https:\/\/www.facebook.com\/mediterraneanwear\/","article_published_time":"2024-05-13T12:09:41+00:00","article_modified_time":"2025-04-08T10:43:38+00:00","og_image":[{"width":1200,"height":843,"url":"https:\/\/mediterraneanwear.com\/wp-content\/uploads\/2025\/01\/lg-b-blo_samarreta_2024.jpg","type":"image\/jpeg"}],"author":"admin","twitter_card":"summary_large_image","twitter_misc":{"\u00c9crit par":"admin","Dur\u00e9e de lecture estim\u00e9e":"1 minute"},"schema":{"@context":"https:\/\/schema.org","@graph":[{"@type":"Article","@id":"https:\/\/mediterraneanwear.com\/fr\/2024\/05\/13\/presentez-la-nouvelle-samarreta-dediee-a-santa-cristina-i-lloret-de-mar-edition-limitee-2024\/#article","isPartOf":{"@id":"https:\/\/mediterraneanwear.com\/fr\/2024\/05\/13\/presentez-la-nouvelle-samarreta-dediee-a-santa-cristina-i-lloret-de-mar-edition-limitee-2024\/"},"author":{"name":"admin","@id":"https:\/\/mediterraneanwear.com\/fr\/#\/schema\/person\/2d988e31b8baa70bb16aa34563bd93f3"},"headline":"Pr\u00e9sentation du nouveau t-shirt d\u00e9di\u00e9 \u00e0 Santa Cristina et Lloret de Mar. \u00c9dition limit\u00e9e 2024","datePublished":"2024-05-13T12:09:41+00:00","dateModified":"2025-04-08T10:43:38+00:00","mainEntityOfPage":{"@id":"https:\/\/mediterraneanwear.com\/fr\/2024\/05\/13\/presentez-la-nouvelle-samarreta-dediee-a-santa-cristina-i-lloret-de-mar-edition-limitee-2024\/"},"wordCount":229,"publisher":{"@id":"https:\/\/mediterraneanwear.com\/fr\/#organization"},"image":{"@id":"https:\/\/mediterraneanwear.com\/fr\/2024\/05\/13\/presentez-la-nouvelle-samarreta-dediee-a-santa-cristina-i-lloret-de-mar-edition-limitee-2024\/#primaryimage"},"thumbnailUrl":"https:\/\/mediterraneanwear.com\/wp-content\/uploads\/2025\/01\/lg-b-blo_samarreta_2024.jpg","articleSection":["bloguer"],"inLanguage":"fr-FR"},{"@type":"WebPage","@id":"https:\/\/mediterraneanwear.com\/fr\/2024\/05\/13\/presentez-la-nouvelle-samarreta-dediee-a-santa-cristina-i-lloret-de-mar-edition-limitee-2024\/","url":"https:\/\/mediterraneanwear.com\/fr\/2024\/05\/13\/presentez-la-nouvelle-samarreta-dediee-a-santa-cristina-i-lloret-de-mar-edition-limitee-2024\/","name":"Pr\u00e9sentation du nouveau t-shirt d\u00e9di\u00e9 \u00e0 Santa Cristina et Lloret de Mar. \u00c9dition limit\u00e9e 2024 - Mediterranean Wear","isPartOf":{"@id":"https:\/\/mediterraneanwear.com\/fr\/#website"},"primaryImageOfPage":{"@id":"https:\/\/mediterraneanwear.com\/fr\/2024\/05\/13\/presentez-la-nouvelle-samarreta-dediee-a-santa-cristina-i-lloret-de-mar-edition-limitee-2024\/#primaryimage"},"image":{"@id":"https:\/\/mediterraneanwear.com\/fr\/2024\/05\/13\/presentez-la-nouvelle-samarreta-dediee-a-santa-cristina-i-lloret-de-mar-edition-limitee-2024\/#primaryimage"},"thumbnailUrl":"https:\/\/mediterraneanwear.com\/wp-content\/uploads\/2025\/01\/lg-b-blo_samarreta_2024.jpg","datePublished":"2024-05-13T12:09:41+00:00","dateModified":"2025-04-08T10:43:38+00:00","breadcrumb":{"@id":"https:\/\/mediterraneanwear.com\/fr\/2024\/05\/13\/presentez-la-nouvelle-samarreta-dediee-a-santa-cristina-i-lloret-de-mar-edition-limitee-2024\/#breadcrumb"},"inLanguage":"fr-FR","potentialAction":[{"@type":"ReadAction","target":["https:\/\/mediterraneanwear.com\/fr\/2024\/05\/13\/presentez-la-nouvelle-samarreta-dediee-a-santa-cristina-i-lloret-de-mar-edition-limitee-2024\/"]}]},{"@type":"ImageObject","inLanguage":"fr-FR","@id":"https:\/\/mediterraneanwear.com\/fr\/2024\/05\/13\/presentez-la-nouvelle-samarreta-dediee-a-santa-cristina-i-lloret-de-mar-edition-limitee-2024\/#primaryimage","url":"https:\/\/mediterraneanwear.com\/wp-content\/uploads\/2025\/01\/lg-b-blo_samarreta_2024.jpg","contentUrl":"https:\/\/mediterraneanwear.com\/wp-content\/uploads\/2025\/01\/lg-b-blo_samarreta_2024.jpg","width":1200,"height":843},{"@type":"BreadcrumbList","@id":"https:\/\/mediterraneanwear.com\/fr\/2024\/05\/13\/presentez-la-nouvelle-samarreta-dediee-a-santa-cristina-i-lloret-de-mar-edition-limitee-2024\/#breadcrumb","itemListElement":[{"@type":"ListItem","position":1,"name":"Portada","item":"https:\/\/mediterraneanwear.com\/fr\/"},{"@type":"ListItem","position":2,"name":"Pr\u00e9sentation du nouveau t-shirt d\u00e9di\u00e9 \u00e0 Santa Cristina et Lloret de Mar. \u00c9dition limit\u00e9e 2024"}]},{"@type":"WebSite","@id":"https:\/\/mediterraneanwear.com\/fr\/#website","url":"https:\/\/mediterraneanwear.com\/fr\/","name":"Mediterranean Wear","description":"Mediterranean Wear","publisher":{"@id":"https:\/\/mediterraneanwear.com\/fr\/#organization"},"potentialAction":[{"@type":"SearchAction","target":{"@type":"EntryPoint","urlTemplate":"https:\/\/mediterraneanwear.com\/fr\/?s={search_term_string}"},"query-input":{"@type":"PropertyValueSpecification","valueRequired":true,"valueName":"search_term_string"}}],"inLanguage":"fr-FR"},{"@type":"Organization","@id":"https:\/\/mediterraneanwear.com\/fr\/#organization","name":"Mediterranean Wear","url":"https:\/\/mediterraneanwear.com\/fr\/","logo":{"@type":"ImageObject","inLanguage":"fr-FR","@id":"https:\/\/mediterraneanwear.com\/fr\/#\/schema\/logo\/image\/","url":"https:\/\/mediterraneanwear.com\/wp-content\/uploads\/2025\/05\/LOGO-MediterraneanWear_2.png","contentUrl":"https:\/\/mediterraneanwear.com\/wp-content\/uploads\/2025\/05\/LOGO-MediterraneanWear_2.png","width":566,"height":81,"caption":"Mediterranean Wear"},"image":{"@id":"https:\/\/mediterraneanwear.com\/fr\/#\/schema\/logo\/image\/"},"sameAs":["https:\/\/www.facebook.com\/mediterraneanwear\/","https:\/\/www.instagram.com\/mediterraneanwear\/"]},{"@type":"Person","@id":"https:\/\/mediterraneanwear.com\/fr\/#\/schema\/person\/2d988e31b8baa70bb16aa34563bd93f3","name":"admin","image":{"@type":"ImageObject","inLanguage":"fr-FR","@id":"https:\/\/mediterraneanwear.com\/wp-content\/litespeed\/avatar\/816610b7aa3b64415d6ea463cabdeff8.jpg?ver=1777289956","url":"https:\/\/mediterraneanwear.com\/wp-content\/litespeed\/avatar\/816610b7aa3b64415d6ea463cabdeff8.jpg?ver=1777289956","contentUrl":"https:\/\/mediterraneanwear.com\/wp-content\/litespeed\/avatar\/816610b7aa3b64415d6ea463cabdeff8.jpg?ver=1777289956","caption":"admin"},"sameAs":["https:\/\/mediterraneanwear.com"],"url":"https:\/\/mediterraneanwear.com\/fr\/author\/admin\/"}]}},"_links":{"self":[{"href":"https:\/\/mediterraneanwear.com\/fr\/wp-json\/wp\/v2\/posts\/6534","targetHints":{"allow":["GET"]}}],"collection":[{"href":"https:\/\/mediterraneanwear.com\/fr\/wp-json\/wp\/v2\/posts"}],"about":[{"href":"https:\/\/mediterraneanwear.com\/fr\/wp-json\/wp\/v2\/types\/post"}],"author":[{"embeddable":true,"href":"https:\/\/mediterraneanwear.com\/fr\/wp-json\/wp\/v2\/users\/1"}],"replies":[{"embeddable":true,"href":"https:\/\/mediterraneanwear.com\/fr\/wp-json\/wp\/v2\/comments?post=6534"}],"version-history":[{"count":0,"href":"https:\/\/mediterraneanwear.com\/fr\/wp-json\/wp\/v2\/posts\/6534\/revisions"}],"wp:featuredmedia":[{"embeddable":true,"href":"https:\/\/mediterraneanwear.com\/fr\/wp-json\/wp\/v2\/media\/6535"}],"wp:attachment":[{"href":"https:\/\/mediterraneanwear.com\/fr\/wp-json\/wp\/v2\/media?parent=6534"}],"wp:term":[{"taxonomy":"category","embeddable":true,"href":"https:\/\/mediterraneanwear.com\/fr\/wp-json\/wp\/v2\/categories?post=6534"},{"taxonomy":"post_tag","embeddable":true,"href":"https:\/\/mediterraneanwear.com\/fr\/wp-json\/wp\/v2\/tags?post=6534"}],"curies":[{"name":"wp","href":"https:\/\/api.w.org\/{rel}","templated":true}]}}