{"id":6544,"date":"2024-07-02T12:00:00","date_gmt":"2024-07-02T11:00:00","guid":{"rendered":"https:\/\/mediterraneanwear.com\/2024\/07\/02\/nouvelle-carte-postale-pour-la-collection\/"},"modified":"2025-04-10T08:06:44","modified_gmt":"2025-04-10T07:06:44","slug":"nouvelle-carte-postale-pour-la-collection","status":"publish","type":"post","link":"https:\/\/mediterraneanwear.com\/fr\/2024\/07\/02\/nouvelle-carte-postale-pour-la-collection\/","title":{"rendered":"Nueva postal para la colecci\u00f3n"},"content":{"rendered":"\n<figure class=\"wp-block-image size-large\"><img decoding=\"async\" width=\"1024\" height=\"719\" src=\"https:\/\/mediterraneanwear.com\/wp-content\/uploads\/2025\/01\/lg-b-mw_postals-1024x719.jpg\" alt=\"\" class=\"wp-image-1900\" srcset=\"https:\/\/mediterraneanwear.com\/wp-content\/uploads\/2025\/01\/lg-b-mw_postals-1024x719.jpg 1024w, https:\/\/mediterraneanwear.com\/wp-content\/uploads\/2025\/01\/lg-b-mw_postals-300x211.jpg 300w, https:\/\/mediterraneanwear.com\/wp-content\/uploads\/2025\/01\/lg-b-mw_postals-768x540.jpg 768w, https:\/\/mediterraneanwear.com\/wp-content\/uploads\/2025\/01\/lg-b-mw_postals-900x632.jpg 900w, https:\/\/mediterraneanwear.com\/wp-content\/uploads\/2025\/01\/lg-b-mw_postals.jpg 1200w\" sizes=\"(max-width: 1024px) 100vw, 1024px\" \/><\/figure>\n\n<p>Nous avons d\u00e9j\u00e0 les nouvelles cartes postales qui accompagneront les futures commandes. Nous savons que vous les aimez beaucoup. C&rsquo;est pourquoi nous continuons \u00e0 les changer.  <\/p>\n\n<p>A cette occasion, nous avons r\u00e9alis\u00e9 un changement plus substantiel en passant \u00e0 une image de Lloret de 1950 av. J.-C. Lloret est notre ville et notre paradis. Et m\u00eame si nous utilisons habituellement des images plus r\u00e9centes de la Costa Brava, dans ce cas nous avons voulu nous en souvenir.  <\/p>\n\n<p>Aimez-vous? Nous l&rsquo;avons d\u00e9j\u00e0 en magasin pour l&rsquo;inclure dans votre prochaine commande ! <\/p>\n","protected":false},"excerpt":{"rendered":"<p>Nous avons d\u00e9j\u00e0 les nouvelles cartes postales qui accompagneront les futures commandes. Nous savons que vous les aimez beaucoup. C&rsquo;est pourquoi nous continuons \u00e0 les changer. A cette occasion, nous avons r\u00e9alis\u00e9 un changement plus substantiel en passant \u00e0 une image de Lloret de 1950 av. J.-C. Lloret est notre ville et notre paradis. Et [&hellip;]<\/p>\n","protected":false},"author":1,"featured_media":6545,"comment_status":"closed","ping_status":"closed","sticky":false,"template":"","format":"standard","meta":{"footnotes":""},"categories":[400],"tags":[],"class_list":["post-6544","post","type-post","status-publish","format-standard","has-post-thumbnail","hentry","category-bloguer"],"blocksy_meta":[],"yoast_head":"<!-- This site is optimized with the Yoast SEO plugin v27.5 - https:\/\/yoast.com\/product\/yoast-seo-wordpress\/ -->\n<title>Nueva postal para la colecci\u00f3n - Mediterranean Wear<\/title>\n<meta name=\"robots\" content=\"index, follow, max-snippet:-1, max-image-preview:large, max-video-preview:-1\" \/>\n<link rel=\"canonical\" href=\"https:\/\/mediterraneanwear.com\/fr\/2024\/07\/02\/nouvelle-carte-postale-pour-la-collection\/\" \/>\n<meta property=\"og:locale\" content=\"fr_FR\" \/>\n<meta property=\"og:type\" content=\"article\" \/>\n<meta property=\"og:title\" content=\"Nueva postal para la colecci\u00f3n - Mediterranean Wear\" \/>\n<meta property=\"og:description\" content=\"Nous avons d\u00e9j\u00e0 les nouvelles cartes postales qui accompagneront les futures commandes. Nous savons que vous les aimez beaucoup. C&rsquo;est pourquoi nous continuons \u00e0 les changer. A cette occasion, nous avons r\u00e9alis\u00e9 un changement plus substantiel en passant \u00e0 une image de Lloret de 1950 av. J.-C. Lloret est notre ville et notre paradis. Et [&hellip;]\" \/>\n<meta property=\"og:url\" content=\"https:\/\/mediterraneanwear.com\/fr\/2024\/07\/02\/nouvelle-carte-postale-pour-la-collection\/\" \/>\n<meta property=\"og:site_name\" content=\"Mediterranean Wear\" \/>\n<meta property=\"article:publisher\" content=\"https:\/\/www.facebook.com\/mediterraneanwear\/\" \/>\n<meta property=\"article:published_time\" content=\"2024-07-02T11:00:00+00:00\" \/>\n<meta property=\"article:modified_time\" content=\"2025-04-10T07:06:44+00:00\" \/>\n<meta property=\"og:image\" content=\"https:\/\/mediterraneanwear.com\/wp-content\/uploads\/2025\/01\/lg-b-mw_postals.jpg\" \/>\n\t<meta property=\"og:image:width\" content=\"1200\" \/>\n\t<meta property=\"og:image:height\" content=\"843\" \/>\n\t<meta property=\"og:image:type\" content=\"image\/jpeg\" \/>\n<meta name=\"author\" content=\"admin\" \/>\n<meta name=\"twitter:card\" content=\"summary_large_image\" \/>\n<meta name=\"twitter:label1\" content=\"\u00c9crit par\" \/>\n\t<meta name=\"twitter:data1\" content=\"admin\" \/>\n<script type=\"application\/ld+json\" class=\"yoast-schema-graph\">{\"@context\":\"https:\\\/\\\/schema.org\",\"@graph\":[{\"@type\":\"Article\",\"@id\":\"https:\\\/\\\/mediterraneanwear.com\\\/fr\\\/2024\\\/07\\\/02\\\/nouvelle-carte-postale-pour-la-collection\\\/#article\",\"isPartOf\":{\"@id\":\"https:\\\/\\\/mediterraneanwear.com\\\/fr\\\/2024\\\/07\\\/02\\\/nouvelle-carte-postale-pour-la-collection\\\/\"},\"author\":{\"name\":\"admin\",\"@id\":\"https:\\\/\\\/mediterraneanwear.com\\\/fr\\\/#\\\/schema\\\/person\\\/2d988e31b8baa70bb16aa34563bd93f3\"},\"headline\":\"Nueva postal para la colecci\u00f3n\",\"datePublished\":\"2024-07-02T11:00:00+00:00\",\"dateModified\":\"2025-04-10T07:06:44+00:00\",\"mainEntityOfPage\":{\"@id\":\"https:\\\/\\\/mediterraneanwear.com\\\/fr\\\/2024\\\/07\\\/02\\\/nouvelle-carte-postale-pour-la-collection\\\/\"},\"wordCount\":101,\"publisher\":{\"@id\":\"https:\\\/\\\/mediterraneanwear.com\\\/fr\\\/#organization\"},\"image\":{\"@id\":\"https:\\\/\\\/mediterraneanwear.com\\\/fr\\\/2024\\\/07\\\/02\\\/nouvelle-carte-postale-pour-la-collection\\\/#primaryimage\"},\"thumbnailUrl\":\"https:\\\/\\\/mediterraneanwear.com\\\/wp-content\\\/uploads\\\/2025\\\/01\\\/lg-b-mw_postals.jpg\",\"articleSection\":[\"bloguer\"],\"inLanguage\":\"fr-FR\"},{\"@type\":\"WebPage\",\"@id\":\"https:\\\/\\\/mediterraneanwear.com\\\/fr\\\/2024\\\/07\\\/02\\\/nouvelle-carte-postale-pour-la-collection\\\/\",\"url\":\"https:\\\/\\\/mediterraneanwear.com\\\/fr\\\/2024\\\/07\\\/02\\\/nouvelle-carte-postale-pour-la-collection\\\/\",\"name\":\"Nueva postal para la colecci\u00f3n - Mediterranean Wear\",\"isPartOf\":{\"@id\":\"https:\\\/\\\/mediterraneanwear.com\\\/fr\\\/#website\"},\"primaryImageOfPage\":{\"@id\":\"https:\\\/\\\/mediterraneanwear.com\\\/fr\\\/2024\\\/07\\\/02\\\/nouvelle-carte-postale-pour-la-collection\\\/#primaryimage\"},\"image\":{\"@id\":\"https:\\\/\\\/mediterraneanwear.com\\\/fr\\\/2024\\\/07\\\/02\\\/nouvelle-carte-postale-pour-la-collection\\\/#primaryimage\"},\"thumbnailUrl\":\"https:\\\/\\\/mediterraneanwear.com\\\/wp-content\\\/uploads\\\/2025\\\/01\\\/lg-b-mw_postals.jpg\",\"datePublished\":\"2024-07-02T11:00:00+00:00\",\"dateModified\":\"2025-04-10T07:06:44+00:00\",\"breadcrumb\":{\"@id\":\"https:\\\/\\\/mediterraneanwear.com\\\/fr\\\/2024\\\/07\\\/02\\\/nouvelle-carte-postale-pour-la-collection\\\/#breadcrumb\"},\"inLanguage\":\"fr-FR\",\"potentialAction\":[{\"@type\":\"ReadAction\",\"target\":[\"https:\\\/\\\/mediterraneanwear.com\\\/fr\\\/2024\\\/07\\\/02\\\/nouvelle-carte-postale-pour-la-collection\\\/\"]}]},{\"@type\":\"ImageObject\",\"inLanguage\":\"fr-FR\",\"@id\":\"https:\\\/\\\/mediterraneanwear.com\\\/fr\\\/2024\\\/07\\\/02\\\/nouvelle-carte-postale-pour-la-collection\\\/#primaryimage\",\"url\":\"https:\\\/\\\/mediterraneanwear.com\\\/wp-content\\\/uploads\\\/2025\\\/01\\\/lg-b-mw_postals.jpg\",\"contentUrl\":\"https:\\\/\\\/mediterraneanwear.com\\\/wp-content\\\/uploads\\\/2025\\\/01\\\/lg-b-mw_postals.jpg\",\"width\":1200,\"height\":843},{\"@type\":\"BreadcrumbList\",\"@id\":\"https:\\\/\\\/mediterraneanwear.com\\\/fr\\\/2024\\\/07\\\/02\\\/nouvelle-carte-postale-pour-la-collection\\\/#breadcrumb\",\"itemListElement\":[{\"@type\":\"ListItem\",\"position\":1,\"name\":\"Portada\",\"item\":\"https:\\\/\\\/mediterraneanwear.com\\\/fr\\\/\"},{\"@type\":\"ListItem\",\"position\":2,\"name\":\"Nueva postal para la colecci\u00f3n\"}]},{\"@type\":\"WebSite\",\"@id\":\"https:\\\/\\\/mediterraneanwear.com\\\/fr\\\/#website\",\"url\":\"https:\\\/\\\/mediterraneanwear.com\\\/fr\\\/\",\"name\":\"Mediterranean Wear\",\"description\":\"Mediterranean Wear\",\"publisher\":{\"@id\":\"https:\\\/\\\/mediterraneanwear.com\\\/fr\\\/#organization\"},\"potentialAction\":[{\"@type\":\"SearchAction\",\"target\":{\"@type\":\"EntryPoint\",\"urlTemplate\":\"https:\\\/\\\/mediterraneanwear.com\\\/fr\\\/?s={search_term_string}\"},\"query-input\":{\"@type\":\"PropertyValueSpecification\",\"valueRequired\":true,\"valueName\":\"search_term_string\"}}],\"inLanguage\":\"fr-FR\"},{\"@type\":\"Organization\",\"@id\":\"https:\\\/\\\/mediterraneanwear.com\\\/fr\\\/#organization\",\"name\":\"Mediterranean Wear\",\"url\":\"https:\\\/\\\/mediterraneanwear.com\\\/fr\\\/\",\"logo\":{\"@type\":\"ImageObject\",\"inLanguage\":\"fr-FR\",\"@id\":\"https:\\\/\\\/mediterraneanwear.com\\\/fr\\\/#\\\/schema\\\/logo\\\/image\\\/\",\"url\":\"https:\\\/\\\/mediterraneanwear.com\\\/wp-content\\\/uploads\\\/2025\\\/05\\\/LOGO-MediterraneanWear_2.png\",\"contentUrl\":\"https:\\\/\\\/mediterraneanwear.com\\\/wp-content\\\/uploads\\\/2025\\\/05\\\/LOGO-MediterraneanWear_2.png\",\"width\":566,\"height\":81,\"caption\":\"Mediterranean Wear\"},\"image\":{\"@id\":\"https:\\\/\\\/mediterraneanwear.com\\\/fr\\\/#\\\/schema\\\/logo\\\/image\\\/\"},\"sameAs\":[\"https:\\\/\\\/www.facebook.com\\\/mediterraneanwear\\\/\",\"https:\\\/\\\/www.instagram.com\\\/mediterraneanwear\\\/\"]},{\"@type\":\"Person\",\"@id\":\"https:\\\/\\\/mediterraneanwear.com\\\/fr\\\/#\\\/schema\\\/person\\\/2d988e31b8baa70bb16aa34563bd93f3\",\"name\":\"admin\",\"image\":{\"@type\":\"ImageObject\",\"inLanguage\":\"fr-FR\",\"@id\":\"https:\\\/\\\/mediterraneanwear.com\\\/wp-content\\\/litespeed\\\/avatar\\\/816610b7aa3b64415d6ea463cabdeff8.jpg?ver=1777289956\",\"url\":\"https:\\\/\\\/mediterraneanwear.com\\\/wp-content\\\/litespeed\\\/avatar\\\/816610b7aa3b64415d6ea463cabdeff8.jpg?ver=1777289956\",\"contentUrl\":\"https:\\\/\\\/mediterraneanwear.com\\\/wp-content\\\/litespeed\\\/avatar\\\/816610b7aa3b64415d6ea463cabdeff8.jpg?ver=1777289956\",\"caption\":\"admin\"},\"sameAs\":[\"https:\\\/\\\/mediterraneanwear.com\"],\"url\":\"https:\\\/\\\/mediterraneanwear.com\\\/fr\\\/author\\\/admin\\\/\"}]}<\/script>\n<!-- \/ Yoast SEO plugin. -->","yoast_head_json":{"title":"Nueva postal para la colecci\u00f3n - Mediterranean Wear","robots":{"index":"index","follow":"follow","max-snippet":"max-snippet:-1","max-image-preview":"max-image-preview:large","max-video-preview":"max-video-preview:-1"},"canonical":"https:\/\/mediterraneanwear.com\/fr\/2024\/07\/02\/nouvelle-carte-postale-pour-la-collection\/","og_locale":"fr_FR","og_type":"article","og_title":"Nueva postal para la colecci\u00f3n - Mediterranean Wear","og_description":"Nous avons d\u00e9j\u00e0 les nouvelles cartes postales qui accompagneront les futures commandes. Nous savons que vous les aimez beaucoup. C&rsquo;est pourquoi nous continuons \u00e0 les changer. A cette occasion, nous avons r\u00e9alis\u00e9 un changement plus substantiel en passant \u00e0 une image de Lloret de 1950 av. J.-C. Lloret est notre ville et notre paradis. Et [&hellip;]","og_url":"https:\/\/mediterraneanwear.com\/fr\/2024\/07\/02\/nouvelle-carte-postale-pour-la-collection\/","og_site_name":"Mediterranean Wear","article_publisher":"https:\/\/www.facebook.com\/mediterraneanwear\/","article_published_time":"2024-07-02T11:00:00+00:00","article_modified_time":"2025-04-10T07:06:44+00:00","og_image":[{"width":1200,"height":843,"url":"https:\/\/mediterraneanwear.com\/wp-content\/uploads\/2025\/01\/lg-b-mw_postals.jpg","type":"image\/jpeg"}],"author":"admin","twitter_card":"summary_large_image","twitter_misc":{"\u00c9crit par":"admin"},"schema":{"@context":"https:\/\/schema.org","@graph":[{"@type":"Article","@id":"https:\/\/mediterraneanwear.com\/fr\/2024\/07\/02\/nouvelle-carte-postale-pour-la-collection\/#article","isPartOf":{"@id":"https:\/\/mediterraneanwear.com\/fr\/2024\/07\/02\/nouvelle-carte-postale-pour-la-collection\/"},"author":{"name":"admin","@id":"https:\/\/mediterraneanwear.com\/fr\/#\/schema\/person\/2d988e31b8baa70bb16aa34563bd93f3"},"headline":"Nueva postal para la colecci\u00f3n","datePublished":"2024-07-02T11:00:00+00:00","dateModified":"2025-04-10T07:06:44+00:00","mainEntityOfPage":{"@id":"https:\/\/mediterraneanwear.com\/fr\/2024\/07\/02\/nouvelle-carte-postale-pour-la-collection\/"},"wordCount":101,"publisher":{"@id":"https:\/\/mediterraneanwear.com\/fr\/#organization"},"image":{"@id":"https:\/\/mediterraneanwear.com\/fr\/2024\/07\/02\/nouvelle-carte-postale-pour-la-collection\/#primaryimage"},"thumbnailUrl":"https:\/\/mediterraneanwear.com\/wp-content\/uploads\/2025\/01\/lg-b-mw_postals.jpg","articleSection":["bloguer"],"inLanguage":"fr-FR"},{"@type":"WebPage","@id":"https:\/\/mediterraneanwear.com\/fr\/2024\/07\/02\/nouvelle-carte-postale-pour-la-collection\/","url":"https:\/\/mediterraneanwear.com\/fr\/2024\/07\/02\/nouvelle-carte-postale-pour-la-collection\/","name":"Nueva postal para la colecci\u00f3n - Mediterranean Wear","isPartOf":{"@id":"https:\/\/mediterraneanwear.com\/fr\/#website"},"primaryImageOfPage":{"@id":"https:\/\/mediterraneanwear.com\/fr\/2024\/07\/02\/nouvelle-carte-postale-pour-la-collection\/#primaryimage"},"image":{"@id":"https:\/\/mediterraneanwear.com\/fr\/2024\/07\/02\/nouvelle-carte-postale-pour-la-collection\/#primaryimage"},"thumbnailUrl":"https:\/\/mediterraneanwear.com\/wp-content\/uploads\/2025\/01\/lg-b-mw_postals.jpg","datePublished":"2024-07-02T11:00:00+00:00","dateModified":"2025-04-10T07:06:44+00:00","breadcrumb":{"@id":"https:\/\/mediterraneanwear.com\/fr\/2024\/07\/02\/nouvelle-carte-postale-pour-la-collection\/#breadcrumb"},"inLanguage":"fr-FR","potentialAction":[{"@type":"ReadAction","target":["https:\/\/mediterraneanwear.com\/fr\/2024\/07\/02\/nouvelle-carte-postale-pour-la-collection\/"]}]},{"@type":"ImageObject","inLanguage":"fr-FR","@id":"https:\/\/mediterraneanwear.com\/fr\/2024\/07\/02\/nouvelle-carte-postale-pour-la-collection\/#primaryimage","url":"https:\/\/mediterraneanwear.com\/wp-content\/uploads\/2025\/01\/lg-b-mw_postals.jpg","contentUrl":"https:\/\/mediterraneanwear.com\/wp-content\/uploads\/2025\/01\/lg-b-mw_postals.jpg","width":1200,"height":843},{"@type":"BreadcrumbList","@id":"https:\/\/mediterraneanwear.com\/fr\/2024\/07\/02\/nouvelle-carte-postale-pour-la-collection\/#breadcrumb","itemListElement":[{"@type":"ListItem","position":1,"name":"Portada","item":"https:\/\/mediterraneanwear.com\/fr\/"},{"@type":"ListItem","position":2,"name":"Nueva postal para la colecci\u00f3n"}]},{"@type":"WebSite","@id":"https:\/\/mediterraneanwear.com\/fr\/#website","url":"https:\/\/mediterraneanwear.com\/fr\/","name":"Mediterranean Wear","description":"Mediterranean Wear","publisher":{"@id":"https:\/\/mediterraneanwear.com\/fr\/#organization"},"potentialAction":[{"@type":"SearchAction","target":{"@type":"EntryPoint","urlTemplate":"https:\/\/mediterraneanwear.com\/fr\/?s={search_term_string}"},"query-input":{"@type":"PropertyValueSpecification","valueRequired":true,"valueName":"search_term_string"}}],"inLanguage":"fr-FR"},{"@type":"Organization","@id":"https:\/\/mediterraneanwear.com\/fr\/#organization","name":"Mediterranean Wear","url":"https:\/\/mediterraneanwear.com\/fr\/","logo":{"@type":"ImageObject","inLanguage":"fr-FR","@id":"https:\/\/mediterraneanwear.com\/fr\/#\/schema\/logo\/image\/","url":"https:\/\/mediterraneanwear.com\/wp-content\/uploads\/2025\/05\/LOGO-MediterraneanWear_2.png","contentUrl":"https:\/\/mediterraneanwear.com\/wp-content\/uploads\/2025\/05\/LOGO-MediterraneanWear_2.png","width":566,"height":81,"caption":"Mediterranean Wear"},"image":{"@id":"https:\/\/mediterraneanwear.com\/fr\/#\/schema\/logo\/image\/"},"sameAs":["https:\/\/www.facebook.com\/mediterraneanwear\/","https:\/\/www.instagram.com\/mediterraneanwear\/"]},{"@type":"Person","@id":"https:\/\/mediterraneanwear.com\/fr\/#\/schema\/person\/2d988e31b8baa70bb16aa34563bd93f3","name":"admin","image":{"@type":"ImageObject","inLanguage":"fr-FR","@id":"https:\/\/mediterraneanwear.com\/wp-content\/litespeed\/avatar\/816610b7aa3b64415d6ea463cabdeff8.jpg?ver=1777289956","url":"https:\/\/mediterraneanwear.com\/wp-content\/litespeed\/avatar\/816610b7aa3b64415d6ea463cabdeff8.jpg?ver=1777289956","contentUrl":"https:\/\/mediterraneanwear.com\/wp-content\/litespeed\/avatar\/816610b7aa3b64415d6ea463cabdeff8.jpg?ver=1777289956","caption":"admin"},"sameAs":["https:\/\/mediterraneanwear.com"],"url":"https:\/\/mediterraneanwear.com\/fr\/author\/admin\/"}]}},"_links":{"self":[{"href":"https:\/\/mediterraneanwear.com\/fr\/wp-json\/wp\/v2\/posts\/6544","targetHints":{"allow":["GET"]}}],"collection":[{"href":"https:\/\/mediterraneanwear.com\/fr\/wp-json\/wp\/v2\/posts"}],"about":[{"href":"https:\/\/mediterraneanwear.com\/fr\/wp-json\/wp\/v2\/types\/post"}],"author":[{"embeddable":true,"href":"https:\/\/mediterraneanwear.com\/fr\/wp-json\/wp\/v2\/users\/1"}],"replies":[{"embeddable":true,"href":"https:\/\/mediterraneanwear.com\/fr\/wp-json\/wp\/v2\/comments?post=6544"}],"version-history":[{"count":0,"href":"https:\/\/mediterraneanwear.com\/fr\/wp-json\/wp\/v2\/posts\/6544\/revisions"}],"wp:featuredmedia":[{"embeddable":true,"href":"https:\/\/mediterraneanwear.com\/fr\/wp-json\/wp\/v2\/media\/6545"}],"wp:attachment":[{"href":"https:\/\/mediterraneanwear.com\/fr\/wp-json\/wp\/v2\/media?parent=6544"}],"wp:term":[{"taxonomy":"category","embeddable":true,"href":"https:\/\/mediterraneanwear.com\/fr\/wp-json\/wp\/v2\/categories?post=6544"},{"taxonomy":"post_tag","embeddable":true,"href":"https:\/\/mediterraneanwear.com\/fr\/wp-json\/wp\/v2\/tags?post=6544"}],"curies":[{"name":"wp","href":"https:\/\/api.w.org\/{rel}","templated":true}]}}